{"id":29714,"date":"2018-09-14T08:56:05","date_gmt":"2018-09-14T06:56:05","guid":{"rendered":"https:\/\/carpem.stage.spacerdesign.com\/le-role-de-la-radiotherapie-en-medecine-personnalisee\/"},"modified":"2018-09-14T08:56:05","modified_gmt":"2018-09-14T06:56:05","slug":"le-role-de-la-radiotherapie-en-medecine-personnalisee","status":"publish","type":"post","link":"https:\/\/carpem.stage.spacerdesign.com\/en\/le-role-de-la-radiotherapie-en-medecine-personnalisee\/","title":{"rendered":"Le r\u00f4le de la radioth\u00e9rapie en m\u00e9decine personnalis\u00e9e"},"content":{"rendered":"<p style=\"text-align: center;\"><strong>Le r\u00f4le de la radioth\u00e9rapie en m\u00e9decine personnalis\u00e9e<\/strong><\/p>\n<p style=\"text-align: center;\"><a href=\"https:\/\/youtu.be\/rRkBlPqut_g\" target=\"_blank\" rel=\"attachment noopener wp-att-6312\"><img class=\"alignnone size-medium wp-image-6312\" src=\"https:\/\/carpem.stage.spacerdesign.com\/wp-content\/uploads\/2023\/10\/martin-housset-300x167.png\" alt='Martin Housset' width=\"300\" height=\"167\" \/><\/a><\/p>\n<p style=\"text-align: center;\">\n","protected":false},"excerpt":{"rendered":"<p>Le r\u00f4le de la radioth\u00e9rapie en m\u00e9decine personnalis\u00e9e<\/p>\n","protected":false},"author":1,"featured_media":0,"comment_status":"closed","ping_status":"closed","sticky":false,"template":"","format":"standard","meta":{"footnotes":""},"categories":[314],"tags":[271],"class_list":{"0":"post-29714","1":"post","2":"type-post","3":"status-publish","4":"format-standard","6":"category-videos-en","7":"tag-english"},"yoast_head":"<!-- This site is optimized with the Yoast SEO plugin v22.7 - https:\/\/yoast.com\/wordpress\/plugins\/seo\/ -->\n<title>Le r\u00f4le de la radioth\u00e9rapie en m\u00e9decine personnalis\u00e9e - Carpem<\/title>\n<meta name=\"robots\" content=\"index, follow, max-snippet:-1, max-image-preview:large, max-video-preview:-1\" \/>\n<link rel=\"canonical\" href=\"https:\/\/carpem.stage.spacerdesign.com\/en\/le-role-de-la-radiotherapie-en-medecine-personnalisee\/\" \/>\n<meta property=\"og:locale\" content=\"en_US\" \/>\n<meta property=\"og:type\" content=\"article\" \/>\n<meta property=\"og:title\" content=\"Le r\u00f4le de la radioth\u00e9rapie en m\u00e9decine personnalis\u00e9e - Carpem\" \/>\n<meta property=\"og:description\" content=\"Le r\u00f4le de la radioth\u00e9rapie en m\u00e9decine personnalis\u00e9e\" \/>\n<meta property=\"og:url\" content=\"https:\/\/carpem.stage.spacerdesign.com\/en\/le-role-de-la-radiotherapie-en-medecine-personnalisee\/\" \/>\n<meta property=\"og:site_name\" content=\"Carpem\" \/>\n<meta property=\"article:published_time\" content=\"2018-09-14T06:56:05+00:00\" \/>\n<meta property=\"og:image\" content=\"https:\/\/carpem.stage.spacerdesign.com\/wp-content\/uploads\/2023\/10\/martin-housset-300x167.png\" \/>\n<meta name=\"author\" content=\"carpem\" \/>\n<meta name=\"twitter:card\" content=\"summary_large_image\" \/>\n<meta name=\"twitter:label1\" content=\"Written by\" \/>\n\t<meta name=\"twitter:data1\" content=\"carpem\" \/>\n<script type=\"application\/ld+json\" class=\"yoast-schema-graph\">{\"@context\":\"https:\/\/schema.org\",\"@graph\":[{\"@type\":\"WebPage\",\"@id\":\"https:\/\/carpem.stage.spacerdesign.com\/en\/le-role-de-la-radiotherapie-en-medecine-personnalisee\/\",\"url\":\"https:\/\/carpem.stage.spacerdesign.com\/en\/le-role-de-la-radiotherapie-en-medecine-personnalisee\/\",\"name\":\"Le r\u00f4le de la radioth\u00e9rapie en m\u00e9decine personnalis\u00e9e - Carpem\",\"isPartOf\":{\"@id\":\"https:\/\/carpem.stage.spacerdesign.com\/#website\"},\"primaryImageOfPage\":{\"@id\":\"https:\/\/carpem.stage.spacerdesign.com\/en\/le-role-de-la-radiotherapie-en-medecine-personnalisee\/#primaryimage\"},\"image\":{\"@id\":\"https:\/\/carpem.stage.spacerdesign.com\/en\/le-role-de-la-radiotherapie-en-medecine-personnalisee\/#primaryimage\"},\"thumbnailUrl\":\"https:\/\/carpem.stage.spacerdesign.com\/wp-content\/uploads\/2023\/10\/martin-housset-300x167.png\",\"datePublished\":\"2018-09-14T06:56:05+00:00\",\"dateModified\":\"2018-09-14T06:56:05+00:00\",\"author\":{\"@id\":\"https:\/\/carpem.stage.spacerdesign.com\/#\/schema\/person\/f4309c412b01189106cb4ac924a1c74f\"},\"breadcrumb\":{\"@id\":\"https:\/\/carpem.stage.spacerdesign.com\/en\/le-role-de-la-radiotherapie-en-medecine-personnalisee\/#breadcrumb\"},\"inLanguage\":\"en-US\",\"potentialAction\":[{\"@type\":\"ReadAction\",\"target\":[\"https:\/\/carpem.stage.spacerdesign.com\/en\/le-role-de-la-radiotherapie-en-medecine-personnalisee\/\"]}]},{\"@type\":\"ImageObject\",\"inLanguage\":\"en-US\",\"@id\":\"https:\/\/carpem.stage.spacerdesign.com\/en\/le-role-de-la-radiotherapie-en-medecine-personnalisee\/#primaryimage\",\"url\":\"https:\/\/carpem.stage.spacerdesign.com\/wp-content\/uploads\/2023\/10\/martin-housset-300x167.png\",\"contentUrl\":\"https:\/\/carpem.stage.spacerdesign.com\/wp-content\/uploads\/2023\/10\/martin-housset-300x167.png\"},{\"@type\":\"BreadcrumbList\",\"@id\":\"https:\/\/carpem.stage.spacerdesign.com\/en\/le-role-de-la-radiotherapie-en-medecine-personnalisee\/#breadcrumb\",\"itemListElement\":[{\"@type\":\"ListItem\",\"position\":1,\"name\":\"Portada\",\"item\":\"https:\/\/carpem.stage.spacerdesign.com\/en\/\"},{\"@type\":\"ListItem\",\"position\":2,\"name\":\"Le r\u00f4le de la radioth\u00e9rapie en m\u00e9decine personnalis\u00e9e\"}]},{\"@type\":\"WebSite\",\"@id\":\"https:\/\/carpem.stage.spacerdesign.com\/#website\",\"url\":\"https:\/\/carpem.stage.spacerdesign.com\/\",\"name\":\"Carpem\",\"description\":\"\",\"potentialAction\":[{\"@type\":\"SearchAction\",\"target\":{\"@type\":\"EntryPoint\",\"urlTemplate\":\"https:\/\/carpem.stage.spacerdesign.com\/?s={search_term_string}\"},\"query-input\":\"required name=search_term_string\"}],\"inLanguage\":\"en-US\"},{\"@type\":\"Person\",\"@id\":\"https:\/\/carpem.stage.spacerdesign.com\/#\/schema\/person\/f4309c412b01189106cb4ac924a1c74f\",\"name\":\"carpem\",\"image\":{\"@type\":\"ImageObject\",\"inLanguage\":\"en-US\",\"@id\":\"https:\/\/carpem.stage.spacerdesign.com\/#\/schema\/person\/image\/\",\"url\":\"https:\/\/secure.gravatar.com\/avatar\/372accdded441b480e97d0700ef8511ac251925ac6675b16fa3f84eaa47046bd?s=96&d=mm&r=g\",\"contentUrl\":\"https:\/\/secure.gravatar.com\/avatar\/372accdded441b480e97d0700ef8511ac251925ac6675b16fa3f84eaa47046bd?s=96&d=mm&r=g\",\"caption\":\"carpem\"},\"sameAs\":[\"https:\/\/carpem.stage.spacerdesign.com\"],\"url\":\"https:\/\/carpem.stage.spacerdesign.com\/en\/author\/sargroup\/\"}]}<\/script>\n<!-- \/ Yoast SEO plugin. -->","yoast_head_json":{"title":"Le r\u00f4le de la radioth\u00e9rapie en m\u00e9decine personnalis\u00e9e - Carpem","robots":{"index":"index","follow":"follow","max-snippet":"max-snippet:-1","max-image-preview":"max-image-preview:large","max-video-preview":"max-video-preview:-1"},"canonical":"https:\/\/carpem.stage.spacerdesign.com\/en\/le-role-de-la-radiotherapie-en-medecine-personnalisee\/","og_locale":"en_US","og_type":"article","og_title":"Le r\u00f4le de la radioth\u00e9rapie en m\u00e9decine personnalis\u00e9e - Carpem","og_description":"Le r\u00f4le de la radioth\u00e9rapie en m\u00e9decine personnalis\u00e9e","og_url":"https:\/\/carpem.stage.spacerdesign.com\/en\/le-role-de-la-radiotherapie-en-medecine-personnalisee\/","og_site_name":"Carpem","article_published_time":"2018-09-14T06:56:05+00:00","og_image":[{"url":"https:\/\/carpem.stage.spacerdesign.com\/wp-content\/uploads\/2023\/10\/martin-housset-300x167.png"}],"author":"carpem","twitter_card":"summary_large_image","twitter_misc":{"Written by":"carpem"},"schema":{"@context":"https:\/\/schema.org","@graph":[{"@type":"WebPage","@id":"https:\/\/carpem.stage.spacerdesign.com\/en\/le-role-de-la-radiotherapie-en-medecine-personnalisee\/","url":"https:\/\/carpem.stage.spacerdesign.com\/en\/le-role-de-la-radiotherapie-en-medecine-personnalisee\/","name":"Le r\u00f4le de la radioth\u00e9rapie en m\u00e9decine personnalis\u00e9e - Carpem","isPartOf":{"@id":"https:\/\/carpem.stage.spacerdesign.com\/#website"},"primaryImageOfPage":{"@id":"https:\/\/carpem.stage.spacerdesign.com\/en\/le-role-de-la-radiotherapie-en-medecine-personnalisee\/#primaryimage"},"image":{"@id":"https:\/\/carpem.stage.spacerdesign.com\/en\/le-role-de-la-radiotherapie-en-medecine-personnalisee\/#primaryimage"},"thumbnailUrl":"https:\/\/carpem.stage.spacerdesign.com\/wp-content\/uploads\/2023\/10\/martin-housset-300x167.png","datePublished":"2018-09-14T06:56:05+00:00","dateModified":"2018-09-14T06:56:05+00:00","author":{"@id":"https:\/\/carpem.stage.spacerdesign.com\/#\/schema\/person\/f4309c412b01189106cb4ac924a1c74f"},"breadcrumb":{"@id":"https:\/\/carpem.stage.spacerdesign.com\/en\/le-role-de-la-radiotherapie-en-medecine-personnalisee\/#breadcrumb"},"inLanguage":"en-US","potentialAction":[{"@type":"ReadAction","target":["https:\/\/carpem.stage.spacerdesign.com\/en\/le-role-de-la-radiotherapie-en-medecine-personnalisee\/"]}]},{"@type":"ImageObject","inLanguage":"en-US","@id":"https:\/\/carpem.stage.spacerdesign.com\/en\/le-role-de-la-radiotherapie-en-medecine-personnalisee\/#primaryimage","url":"https:\/\/carpem.stage.spacerdesign.com\/wp-content\/uploads\/2023\/10\/martin-housset-300x167.png","contentUrl":"https:\/\/carpem.stage.spacerdesign.com\/wp-content\/uploads\/2023\/10\/martin-housset-300x167.png"},{"@type":"BreadcrumbList","@id":"https:\/\/carpem.stage.spacerdesign.com\/en\/le-role-de-la-radiotherapie-en-medecine-personnalisee\/#breadcrumb","itemListElement":[{"@type":"ListItem","position":1,"name":"Portada","item":"https:\/\/carpem.stage.spacerdesign.com\/en\/"},{"@type":"ListItem","position":2,"name":"Le r\u00f4le de la radioth\u00e9rapie en m\u00e9decine personnalis\u00e9e"}]},{"@type":"WebSite","@id":"https:\/\/carpem.stage.spacerdesign.com\/#website","url":"https:\/\/carpem.stage.spacerdesign.com\/","name":"Carpem","description":"","potentialAction":[{"@type":"SearchAction","target":{"@type":"EntryPoint","urlTemplate":"https:\/\/carpem.stage.spacerdesign.com\/?s={search_term_string}"},"query-input":"required name=search_term_string"}],"inLanguage":"en-US"},{"@type":"Person","@id":"https:\/\/carpem.stage.spacerdesign.com\/#\/schema\/person\/f4309c412b01189106cb4ac924a1c74f","name":"carpem","image":{"@type":"ImageObject","inLanguage":"en-US","@id":"https:\/\/carpem.stage.spacerdesign.com\/#\/schema\/person\/image\/","url":"https:\/\/secure.gravatar.com\/avatar\/372accdded441b480e97d0700ef8511ac251925ac6675b16fa3f84eaa47046bd?s=96&d=mm&r=g","contentUrl":"https:\/\/secure.gravatar.com\/avatar\/372accdded441b480e97d0700ef8511ac251925ac6675b16fa3f84eaa47046bd?s=96&d=mm&r=g","caption":"carpem"},"sameAs":["https:\/\/carpem.stage.spacerdesign.com"],"url":"https:\/\/carpem.stage.spacerdesign.com\/en\/author\/sargroup\/"}]}},"menu_order":0,"_links":{"self":[{"href":"https:\/\/carpem.stage.spacerdesign.com\/en\/wp-json\/wp\/v2\/posts\/29714","targetHints":{"allow":["GET"]}}],"collection":[{"href":"https:\/\/carpem.stage.spacerdesign.com\/en\/wp-json\/wp\/v2\/posts"}],"about":[{"href":"https:\/\/carpem.stage.spacerdesign.com\/en\/wp-json\/wp\/v2\/types\/post"}],"author":[{"embeddable":true,"href":"https:\/\/carpem.stage.spacerdesign.com\/en\/wp-json\/wp\/v2\/users\/1"}],"replies":[{"embeddable":true,"href":"https:\/\/carpem.stage.spacerdesign.com\/en\/wp-json\/wp\/v2\/comments?post=29714"}],"version-history":[{"count":0,"href":"https:\/\/carpem.stage.spacerdesign.com\/en\/wp-json\/wp\/v2\/posts\/29714\/revisions"}],"wp:attachment":[{"href":"https:\/\/carpem.stage.spacerdesign.com\/en\/wp-json\/wp\/v2\/media?parent=29714"}],"wp:term":[{"taxonomy":"category","embeddable":true,"href":"https:\/\/carpem.stage.spacerdesign.com\/en\/wp-json\/wp\/v2\/categories?post=29714"},{"taxonomy":"post_tag","embeddable":true,"href":"https:\/\/carpem.stage.spacerdesign.com\/en\/wp-json\/wp\/v2\/tags?post=29714"}],"curies":[{"name":"wp","href":"https:\/\/api.w.org\/{rel}","templated":true}]}}