{"id":29836,"date":"2022-02-09T14:57:26","date_gmt":"2022-02-09T13:57:26","guid":{"rendered":"https:\/\/carpem.stage.spacerdesign.com\/geocancer-seminar-using-geographic-data-for-public-health-research-in-cancer-february-17-2022\/"},"modified":"2024-02-06T10:23:57","modified_gmt":"2024-02-06T09:23:57","slug":"geocancer-seminar-using-geographic-data-for-public-health-research-in-cancer-february-17-2022","status":"publish","type":"post","link":"https:\/\/carpem.stage.spacerdesign.com\/en\/geocancer-seminar-using-geographic-data-for-public-health-research-in-cancer-february-17-2022\/","title":{"rendered":"Geocancer Seminar &#8211; Using Geographic Data for Public Health Research in Cancer &#8211; February 17, 2022"},"content":{"rendered":"<p><img class=\"size-medium wp-image-13324 aligncenter\" src=\"https:\/\/carpem.stage.spacerdesign.com\/wp-content\/uploads\/2023\/10\/FGkEq-gXMAcR95o-1-300x168.jpg\" alt=\"\" width=\"300\" height=\"168\" \/><\/p>\n<p><strong>The Canc\u00e9rop\u00f4le \u00cele-de-France and its &#8220;Geocancer&#8221; working group are organizing a one-day seminar on February 17, 2022, on the theme of geographic health data and their use for public health research in cancer.<\/strong><\/p>\n<p>Open to researchers, health professionals, patients and patient representatives, this day will discuss the use of geographic information for research or to guide decision-making in public health in the field of cancer, as well as the use of artificial geo-intelligence for research on the links between air quality and cancer.<\/p>\n<p>More informations: <a href=\"https:\/\/www.canceropole-idf.fr\/manifestation\/geocancer2022\/\">https:\/\/www.canceropole-idf.fr\/manifestation\/geocancer2022\/<\/a><\/p>\n","protected":false},"excerpt":{"rendered":"<p>The Canc\u00e9rop\u00f4le \u00cele-de-France and its &#8220;Geocancer&#8221; working group are organizing a&#8230;<\/p>\n","protected":false},"author":1,"featured_media":28491,"comment_status":"closed","ping_status":"closed","sticky":false,"template":"","format":"standard","meta":{"footnotes":""},"categories":[315],"tags":[408],"class_list":{"0":"post-29836","1":"post","2":"type-post","3":"status-publish","4":"format-standard","5":"has-post-thumbnail","7":"category-seminars-conferences","8":"tag-seminars"},"yoast_head":"<!-- This site is optimized with the Yoast SEO plugin v22.7 - https:\/\/yoast.com\/wordpress\/plugins\/seo\/ -->\n<title>Geocancer Seminar - Using Geographic Data for Public Health Research in Cancer - February 17, 2022 - Carpem<\/title>\n<meta name=\"robots\" content=\"index, follow, max-snippet:-1, max-image-preview:large, max-video-preview:-1\" \/>\n<link rel=\"canonical\" href=\"https:\/\/carpem.stage.spacerdesign.com\/en\/geocancer-seminar-using-geographic-data-for-public-health-research-in-cancer-february-17-2022\/\" \/>\n<meta property=\"og:locale\" content=\"en_US\" \/>\n<meta property=\"og:type\" content=\"article\" \/>\n<meta property=\"og:title\" content=\"Geocancer Seminar - Using Geographic Data for Public Health Research in Cancer - February 17, 2022 - Carpem\" \/>\n<meta property=\"og:description\" content=\"The Canc\u00e9rop\u00f4le \u00cele-de-France and its &#8220;Geocancer&#8221; working group are organizing a...\" \/>\n<meta property=\"og:url\" content=\"https:\/\/carpem.stage.spacerdesign.com\/en\/geocancer-seminar-using-geographic-data-for-public-health-research-in-cancer-february-17-2022\/\" \/>\n<meta property=\"og:site_name\" content=\"Carpem\" \/>\n<meta property=\"article:published_time\" content=\"2022-02-09T13:57:26+00:00\" \/>\n<meta property=\"article:modified_time\" content=\"2024-02-06T09:23:57+00:00\" \/>\n<meta property=\"og:image\" content=\"https:\/\/carpem.stage.spacerdesign.com\/wp-content\/uploads\/2023\/09\/FGkEq-gXMAcR95o.jpeg\" \/>\n\t<meta property=\"og:image:width\" content=\"1200\" \/>\n\t<meta property=\"og:image:height\" content=\"670\" \/>\n\t<meta property=\"og:image:type\" content=\"image\/jpeg\" \/>\n<meta name=\"author\" content=\"carpem\" \/>\n<meta name=\"twitter:card\" content=\"summary_large_image\" \/>\n<meta name=\"twitter:label1\" content=\"Written by\" \/>\n\t<meta name=\"twitter:data1\" content=\"carpem\" \/>\n<script type=\"application\/ld+json\" class=\"yoast-schema-graph\">{\"@context\":\"https:\/\/schema.org\",\"@graph\":[{\"@type\":\"WebPage\",\"@id\":\"https:\/\/carpem.stage.spacerdesign.com\/en\/geocancer-seminar-using-geographic-data-for-public-health-research-in-cancer-february-17-2022\/\",\"url\":\"https:\/\/carpem.stage.spacerdesign.com\/en\/geocancer-seminar-using-geographic-data-for-public-health-research-in-cancer-february-17-2022\/\",\"name\":\"Geocancer Seminar - Using Geographic Data for Public Health Research in Cancer - February 17, 2022 - Carpem\",\"isPartOf\":{\"@id\":\"https:\/\/carpem.stage.spacerdesign.com\/#website\"},\"primaryImageOfPage\":{\"@id\":\"https:\/\/carpem.stage.spacerdesign.com\/en\/geocancer-seminar-using-geographic-data-for-public-health-research-in-cancer-february-17-2022\/#primaryimage\"},\"image\":{\"@id\":\"https:\/\/carpem.stage.spacerdesign.com\/en\/geocancer-seminar-using-geographic-data-for-public-health-research-in-cancer-february-17-2022\/#primaryimage\"},\"thumbnailUrl\":\"https:\/\/carpem.stage.spacerdesign.com\/wp-content\/uploads\/2023\/09\/FGkEq-gXMAcR95o.jpeg\",\"datePublished\":\"2022-02-09T13:57:26+00:00\",\"dateModified\":\"2024-02-06T09:23:57+00:00\",\"author\":{\"@id\":\"https:\/\/carpem.stage.spacerdesign.com\/#\/schema\/person\/f4309c412b01189106cb4ac924a1c74f\"},\"breadcrumb\":{\"@id\":\"https:\/\/carpem.stage.spacerdesign.com\/en\/geocancer-seminar-using-geographic-data-for-public-health-research-in-cancer-february-17-2022\/#breadcrumb\"},\"inLanguage\":\"en-US\",\"potentialAction\":[{\"@type\":\"ReadAction\",\"target\":[\"https:\/\/carpem.stage.spacerdesign.com\/en\/geocancer-seminar-using-geographic-data-for-public-health-research-in-cancer-february-17-2022\/\"]}]},{\"@type\":\"ImageObject\",\"inLanguage\":\"en-US\",\"@id\":\"https:\/\/carpem.stage.spacerdesign.com\/en\/geocancer-seminar-using-geographic-data-for-public-health-research-in-cancer-february-17-2022\/#primaryimage\",\"url\":\"https:\/\/carpem.stage.spacerdesign.com\/wp-content\/uploads\/2023\/09\/FGkEq-gXMAcR95o.jpeg\",\"contentUrl\":\"https:\/\/carpem.stage.spacerdesign.com\/wp-content\/uploads\/2023\/09\/FGkEq-gXMAcR95o.jpeg\",\"width\":1200,\"height\":670},{\"@type\":\"BreadcrumbList\",\"@id\":\"https:\/\/carpem.stage.spacerdesign.com\/en\/geocancer-seminar-using-geographic-data-for-public-health-research-in-cancer-february-17-2022\/#breadcrumb\",\"itemListElement\":[{\"@type\":\"ListItem\",\"position\":1,\"name\":\"Portada\",\"item\":\"https:\/\/carpem.stage.spacerdesign.com\/en\/\"},{\"@type\":\"ListItem\",\"position\":2,\"name\":\"Geocancer Seminar &#8211; Using Geographic Data for Public Health Research in Cancer &#8211; February 17, 2022\"}]},{\"@type\":\"WebSite\",\"@id\":\"https:\/\/carpem.stage.spacerdesign.com\/#website\",\"url\":\"https:\/\/carpem.stage.spacerdesign.com\/\",\"name\":\"Carpem\",\"description\":\"\",\"potentialAction\":[{\"@type\":\"SearchAction\",\"target\":{\"@type\":\"EntryPoint\",\"urlTemplate\":\"https:\/\/carpem.stage.spacerdesign.com\/?s={search_term_string}\"},\"query-input\":\"required name=search_term_string\"}],\"inLanguage\":\"en-US\"},{\"@type\":\"Person\",\"@id\":\"https:\/\/carpem.stage.spacerdesign.com\/#\/schema\/person\/f4309c412b01189106cb4ac924a1c74f\",\"name\":\"carpem\",\"image\":{\"@type\":\"ImageObject\",\"inLanguage\":\"en-US\",\"@id\":\"https:\/\/carpem.stage.spacerdesign.com\/#\/schema\/person\/image\/\",\"url\":\"https:\/\/secure.gravatar.com\/avatar\/372accdded441b480e97d0700ef8511ac251925ac6675b16fa3f84eaa47046bd?s=96&d=mm&r=g\",\"contentUrl\":\"https:\/\/secure.gravatar.com\/avatar\/372accdded441b480e97d0700ef8511ac251925ac6675b16fa3f84eaa47046bd?s=96&d=mm&r=g\",\"caption\":\"carpem\"},\"sameAs\":[\"https:\/\/carpem.stage.spacerdesign.com\"],\"url\":\"https:\/\/carpem.stage.spacerdesign.com\/en\/author\/sargroup\/\"}]}<\/script>\n<!-- \/ Yoast SEO plugin. -->","yoast_head_json":{"title":"Geocancer Seminar - Using Geographic Data for Public Health Research in Cancer - February 17, 2022 - Carpem","robots":{"index":"index","follow":"follow","max-snippet":"max-snippet:-1","max-image-preview":"max-image-preview:large","max-video-preview":"max-video-preview:-1"},"canonical":"https:\/\/carpem.stage.spacerdesign.com\/en\/geocancer-seminar-using-geographic-data-for-public-health-research-in-cancer-february-17-2022\/","og_locale":"en_US","og_type":"article","og_title":"Geocancer Seminar - Using Geographic Data for Public Health Research in Cancer - February 17, 2022 - Carpem","og_description":"The Canc\u00e9rop\u00f4le \u00cele-de-France and its &#8220;Geocancer&#8221; working group are organizing a...","og_url":"https:\/\/carpem.stage.spacerdesign.com\/en\/geocancer-seminar-using-geographic-data-for-public-health-research-in-cancer-february-17-2022\/","og_site_name":"Carpem","article_published_time":"2022-02-09T13:57:26+00:00","article_modified_time":"2024-02-06T09:23:57+00:00","og_image":[{"width":1200,"height":670,"url":"https:\/\/carpem.stage.spacerdesign.com\/wp-content\/uploads\/2023\/09\/FGkEq-gXMAcR95o.jpeg","type":"image\/jpeg"}],"author":"carpem","twitter_card":"summary_large_image","twitter_misc":{"Written by":"carpem"},"schema":{"@context":"https:\/\/schema.org","@graph":[{"@type":"WebPage","@id":"https:\/\/carpem.stage.spacerdesign.com\/en\/geocancer-seminar-using-geographic-data-for-public-health-research-in-cancer-february-17-2022\/","url":"https:\/\/carpem.stage.spacerdesign.com\/en\/geocancer-seminar-using-geographic-data-for-public-health-research-in-cancer-february-17-2022\/","name":"Geocancer Seminar - Using Geographic Data for Public Health Research in Cancer - February 17, 2022 - Carpem","isPartOf":{"@id":"https:\/\/carpem.stage.spacerdesign.com\/#website"},"primaryImageOfPage":{"@id":"https:\/\/carpem.stage.spacerdesign.com\/en\/geocancer-seminar-using-geographic-data-for-public-health-research-in-cancer-february-17-2022\/#primaryimage"},"image":{"@id":"https:\/\/carpem.stage.spacerdesign.com\/en\/geocancer-seminar-using-geographic-data-for-public-health-research-in-cancer-february-17-2022\/#primaryimage"},"thumbnailUrl":"https:\/\/carpem.stage.spacerdesign.com\/wp-content\/uploads\/2023\/09\/FGkEq-gXMAcR95o.jpeg","datePublished":"2022-02-09T13:57:26+00:00","dateModified":"2024-02-06T09:23:57+00:00","author":{"@id":"https:\/\/carpem.stage.spacerdesign.com\/#\/schema\/person\/f4309c412b01189106cb4ac924a1c74f"},"breadcrumb":{"@id":"https:\/\/carpem.stage.spacerdesign.com\/en\/geocancer-seminar-using-geographic-data-for-public-health-research-in-cancer-february-17-2022\/#breadcrumb"},"inLanguage":"en-US","potentialAction":[{"@type":"ReadAction","target":["https:\/\/carpem.stage.spacerdesign.com\/en\/geocancer-seminar-using-geographic-data-for-public-health-research-in-cancer-february-17-2022\/"]}]},{"@type":"ImageObject","inLanguage":"en-US","@id":"https:\/\/carpem.stage.spacerdesign.com\/en\/geocancer-seminar-using-geographic-data-for-public-health-research-in-cancer-february-17-2022\/#primaryimage","url":"https:\/\/carpem.stage.spacerdesign.com\/wp-content\/uploads\/2023\/09\/FGkEq-gXMAcR95o.jpeg","contentUrl":"https:\/\/carpem.stage.spacerdesign.com\/wp-content\/uploads\/2023\/09\/FGkEq-gXMAcR95o.jpeg","width":1200,"height":670},{"@type":"BreadcrumbList","@id":"https:\/\/carpem.stage.spacerdesign.com\/en\/geocancer-seminar-using-geographic-data-for-public-health-research-in-cancer-february-17-2022\/#breadcrumb","itemListElement":[{"@type":"ListItem","position":1,"name":"Portada","item":"https:\/\/carpem.stage.spacerdesign.com\/en\/"},{"@type":"ListItem","position":2,"name":"Geocancer Seminar &#8211; Using Geographic Data for Public Health Research in Cancer &#8211; February 17, 2022"}]},{"@type":"WebSite","@id":"https:\/\/carpem.stage.spacerdesign.com\/#website","url":"https:\/\/carpem.stage.spacerdesign.com\/","name":"Carpem","description":"","potentialAction":[{"@type":"SearchAction","target":{"@type":"EntryPoint","urlTemplate":"https:\/\/carpem.stage.spacerdesign.com\/?s={search_term_string}"},"query-input":"required name=search_term_string"}],"inLanguage":"en-US"},{"@type":"Person","@id":"https:\/\/carpem.stage.spacerdesign.com\/#\/schema\/person\/f4309c412b01189106cb4ac924a1c74f","name":"carpem","image":{"@type":"ImageObject","inLanguage":"en-US","@id":"https:\/\/carpem.stage.spacerdesign.com\/#\/schema\/person\/image\/","url":"https:\/\/secure.gravatar.com\/avatar\/372accdded441b480e97d0700ef8511ac251925ac6675b16fa3f84eaa47046bd?s=96&d=mm&r=g","contentUrl":"https:\/\/secure.gravatar.com\/avatar\/372accdded441b480e97d0700ef8511ac251925ac6675b16fa3f84eaa47046bd?s=96&d=mm&r=g","caption":"carpem"},"sameAs":["https:\/\/carpem.stage.spacerdesign.com"],"url":"https:\/\/carpem.stage.spacerdesign.com\/en\/author\/sargroup\/"}]}},"menu_order":0,"_links":{"self":[{"href":"https:\/\/carpem.stage.spacerdesign.com\/en\/wp-json\/wp\/v2\/posts\/29836","targetHints":{"allow":["GET"]}}],"collection":[{"href":"https:\/\/carpem.stage.spacerdesign.com\/en\/wp-json\/wp\/v2\/posts"}],"about":[{"href":"https:\/\/carpem.stage.spacerdesign.com\/en\/wp-json\/wp\/v2\/types\/post"}],"author":[{"embeddable":true,"href":"https:\/\/carpem.stage.spacerdesign.com\/en\/wp-json\/wp\/v2\/users\/1"}],"replies":[{"embeddable":true,"href":"https:\/\/carpem.stage.spacerdesign.com\/en\/wp-json\/wp\/v2\/comments?post=29836"}],"version-history":[{"count":1,"href":"https:\/\/carpem.stage.spacerdesign.com\/en\/wp-json\/wp\/v2\/posts\/29836\/revisions"}],"predecessor-version":[{"id":31562,"href":"https:\/\/carpem.stage.spacerdesign.com\/en\/wp-json\/wp\/v2\/posts\/29836\/revisions\/31562"}],"wp:featuredmedia":[{"embeddable":true,"href":"https:\/\/carpem.stage.spacerdesign.com\/en\/wp-json\/wp\/v2\/media\/28491"}],"wp:attachment":[{"href":"https:\/\/carpem.stage.spacerdesign.com\/en\/wp-json\/wp\/v2\/media?parent=29836"}],"wp:term":[{"taxonomy":"category","embeddable":true,"href":"https:\/\/carpem.stage.spacerdesign.com\/en\/wp-json\/wp\/v2\/categories?post=29836"},{"taxonomy":"post_tag","embeddable":true,"href":"https:\/\/carpem.stage.spacerdesign.com\/en\/wp-json\/wp\/v2\/tags?post=29836"}],"curies":[{"name":"wp","href":"https:\/\/api.w.org\/{rel}","templated":true}]}}