{"id":31567,"date":"2024-02-05T17:00:29","date_gmt":"2024-02-05T16:00:29","guid":{"rendered":"https:\/\/carpem.stage.spacerdesign.com\/10e-journee-doncopharmacologie-le-1-decembre-2023\/"},"modified":"2024-02-19T15:29:52","modified_gmt":"2024-02-19T14:29:52","slug":"10e-journee-doncopharmacologie-le-1-decembre-2023","status":"publish","type":"post","link":"https:\/\/carpem.stage.spacerdesign.com\/en\/10e-journee-doncopharmacologie-le-1-decembre-2023\/","title":{"rendered":"10\u00e8 journ\u00e9e d&#8217;Oncopharmacologie le 1 d\u00e9cembre 2023"},"content":{"rendered":"<p><img class=\"alignnone wp-image-31543 size-full\" src=\"https:\/\/carpem.stage.spacerdesign.com\/wp-content\/uploads\/2024\/02\/10e-journee-Oncopharmaco-1024x563-1.png\" alt=\"\" width=\"1013\" height=\"559\" srcset=\"https:\/\/carpem.stage.spacerdesign.com\/wp-content\/uploads\/2024\/02\/10e-journee-Oncopharmaco-1024x563-1.png 1013w, https:\/\/carpem.stage.spacerdesign.com\/wp-content\/uploads\/2024\/02\/10e-journee-Oncopharmaco-1024x563-1-300x166.png 300w, https:\/\/carpem.stage.spacerdesign.com\/wp-content\/uploads\/2024\/02\/10e-journee-Oncopharmaco-1024x563-1-768x424.png 768w, https:\/\/carpem.stage.spacerdesign.com\/wp-content\/uploads\/2024\/02\/10e-journee-Oncopharmaco-1024x563-1-672x372.png 672w\" sizes=\"(max-width: 1013px) 100vw, 1013px\" \/><\/p>\n<p>La 10\u00e8 journ\u00e9e d\u2019Oncopharmacologie aura lieu le vendredi 1er d\u00e9cembre 2023, de 9h00 \u00e0 16h30, \u00e0 l\u2019H\u00f4pital Cochin Port-Royal (B\u00e2timent Dausset, 27 rue du Faubourg Saint Jacques, 75014 Paris)<\/p>\n","protected":false},"excerpt":{"rendered":"<p>La 10\u00e8 journ\u00e9e d\u2019Oncopharmacologie aura lieu le vendredi 1er d\u00e9cembre 2023,&#8230;<\/p>\n","protected":false},"author":2,"featured_media":31544,"comment_status":"closed","ping_status":"closed","sticky":false,"template":"","format":"standard","meta":{"footnotes":""},"categories":[315],"tags":[408],"class_list":{"0":"post-31567","1":"post","2":"type-post","3":"status-publish","4":"format-standard","5":"has-post-thumbnail","7":"category-seminars-conferences","8":"tag-seminars"},"yoast_head":"<!-- This site is optimized with the Yoast SEO plugin v22.7 - https:\/\/yoast.com\/wordpress\/plugins\/seo\/ -->\n<title>10\u00e8 journ\u00e9e d&#039;Oncopharmacologie le 1 d\u00e9cembre 2023 - Carpem<\/title>\n<meta name=\"robots\" content=\"index, follow, max-snippet:-1, max-image-preview:large, max-video-preview:-1\" \/>\n<link rel=\"canonical\" href=\"https:\/\/carpem.stage.spacerdesign.com\/10e-journee-doncopharmacologie-le-1-decembre-2023\/\" \/>\n<meta property=\"og:locale\" content=\"en_US\" \/>\n<meta property=\"og:type\" content=\"article\" \/>\n<meta property=\"og:title\" content=\"10\u00e8 journ\u00e9e d&#039;Oncopharmacologie le 1 d\u00e9cembre 2023 - Carpem\" \/>\n<meta property=\"og:description\" content=\"La 10\u00e8 journ\u00e9e d\u2019Oncopharmacologie aura lieu le vendredi 1er d\u00e9cembre 2023,...\" \/>\n<meta property=\"og:url\" content=\"https:\/\/carpem.stage.spacerdesign.com\/10e-journee-doncopharmacologie-le-1-decembre-2023\/\" \/>\n<meta property=\"og:site_name\" content=\"Carpem\" \/>\n<meta property=\"article:published_time\" content=\"2024-02-05T16:00:29+00:00\" \/>\n<meta property=\"article:modified_time\" content=\"2024-02-19T14:29:52+00:00\" \/>\n<meta property=\"og:image\" content=\"https:\/\/carpem.stage.spacerdesign.com\/wp-content\/uploads\/2024\/02\/10e-journee-Oncopharmaco-1024x563-1.png\" \/>\n\t<meta property=\"og:image:width\" content=\"1013\" \/>\n\t<meta property=\"og:image:height\" content=\"559\" \/>\n\t<meta property=\"og:image:type\" content=\"image\/png\" \/>\n<meta name=\"author\" content=\"Fran\" \/>\n<meta name=\"twitter:card\" content=\"summary_large_image\" \/>\n<meta name=\"twitter:label1\" content=\"Written by\" \/>\n\t<meta name=\"twitter:data1\" content=\"Fran\" \/>\n<script type=\"application\/ld+json\" class=\"yoast-schema-graph\">{\"@context\":\"https:\/\/schema.org\",\"@graph\":[{\"@type\":\"WebPage\",\"@id\":\"https:\/\/carpem.stage.spacerdesign.com\/10e-journee-doncopharmacologie-le-1-decembre-2023\/\",\"url\":\"https:\/\/carpem.stage.spacerdesign.com\/10e-journee-doncopharmacologie-le-1-decembre-2023\/\",\"name\":\"10\u00e8 journ\u00e9e d'Oncopharmacologie le 1 d\u00e9cembre 2023 - Carpem\",\"isPartOf\":{\"@id\":\"https:\/\/carpem.stage.spacerdesign.com\/#website\"},\"primaryImageOfPage\":{\"@id\":\"https:\/\/carpem.stage.spacerdesign.com\/10e-journee-doncopharmacologie-le-1-decembre-2023\/#primaryimage\"},\"image\":{\"@id\":\"https:\/\/carpem.stage.spacerdesign.com\/10e-journee-doncopharmacologie-le-1-decembre-2023\/#primaryimage\"},\"thumbnailUrl\":\"https:\/\/carpem.stage.spacerdesign.com\/wp-content\/uploads\/2024\/02\/10e-journee-Oncopharmaco-1024x563-1.png\",\"datePublished\":\"2024-02-05T16:00:29+00:00\",\"dateModified\":\"2024-02-19T14:29:52+00:00\",\"author\":{\"@id\":\"https:\/\/carpem.stage.spacerdesign.com\/#\/schema\/person\/8fd2131daec9bd041813b57c0a65510d\"},\"breadcrumb\":{\"@id\":\"https:\/\/carpem.stage.spacerdesign.com\/10e-journee-doncopharmacologie-le-1-decembre-2023\/#breadcrumb\"},\"inLanguage\":\"en-US\",\"potentialAction\":[{\"@type\":\"ReadAction\",\"target\":[\"https:\/\/carpem.stage.spacerdesign.com\/10e-journee-doncopharmacologie-le-1-decembre-2023\/\"]}]},{\"@type\":\"ImageObject\",\"inLanguage\":\"en-US\",\"@id\":\"https:\/\/carpem.stage.spacerdesign.com\/10e-journee-doncopharmacologie-le-1-decembre-2023\/#primaryimage\",\"url\":\"https:\/\/carpem.stage.spacerdesign.com\/wp-content\/uploads\/2024\/02\/10e-journee-Oncopharmaco-1024x563-1.png\",\"contentUrl\":\"https:\/\/carpem.stage.spacerdesign.com\/wp-content\/uploads\/2024\/02\/10e-journee-Oncopharmaco-1024x563-1.png\",\"width\":1013,\"height\":559},{\"@type\":\"BreadcrumbList\",\"@id\":\"https:\/\/carpem.stage.spacerdesign.com\/10e-journee-doncopharmacologie-le-1-decembre-2023\/#breadcrumb\",\"itemListElement\":[{\"@type\":\"ListItem\",\"position\":1,\"name\":\"Portada\",\"item\":\"https:\/\/carpem.stage.spacerdesign.com\/en\/\"},{\"@type\":\"ListItem\",\"position\":2,\"name\":\"10\u00e8 journ\u00e9e d&#8217;Oncopharmacologie le 1 d\u00e9cembre 2023\"}]},{\"@type\":\"WebSite\",\"@id\":\"https:\/\/carpem.stage.spacerdesign.com\/#website\",\"url\":\"https:\/\/carpem.stage.spacerdesign.com\/\",\"name\":\"Carpem\",\"description\":\"\",\"potentialAction\":[{\"@type\":\"SearchAction\",\"target\":{\"@type\":\"EntryPoint\",\"urlTemplate\":\"https:\/\/carpem.stage.spacerdesign.com\/?s={search_term_string}\"},\"query-input\":\"required name=search_term_string\"}],\"inLanguage\":\"en-US\"},{\"@type\":\"Person\",\"@id\":\"https:\/\/carpem.stage.spacerdesign.com\/#\/schema\/person\/8fd2131daec9bd041813b57c0a65510d\",\"name\":\"Fran\",\"image\":{\"@type\":\"ImageObject\",\"inLanguage\":\"en-US\",\"@id\":\"https:\/\/carpem.stage.spacerdesign.com\/#\/schema\/person\/image\/\",\"url\":\"https:\/\/secure.gravatar.com\/avatar\/e424e0984e0139e67a14a9d2d12c9f1d87f75c5fc72bd5d7bc9a0563d32a9b50?s=96&d=mm&r=g\",\"contentUrl\":\"https:\/\/secure.gravatar.com\/avatar\/e424e0984e0139e67a14a9d2d12c9f1d87f75c5fc72bd5d7bc9a0563d32a9b50?s=96&d=mm&r=g\",\"caption\":\"Fran\"},\"url\":\"https:\/\/carpem.stage.spacerdesign.com\/en\/author\/fran\/\"}]}<\/script>\n<!-- \/ Yoast SEO plugin. -->","yoast_head_json":{"title":"10\u00e8 journ\u00e9e d'Oncopharmacologie le 1 d\u00e9cembre 2023 - Carpem","robots":{"index":"index","follow":"follow","max-snippet":"max-snippet:-1","max-image-preview":"max-image-preview:large","max-video-preview":"max-video-preview:-1"},"canonical":"https:\/\/carpem.stage.spacerdesign.com\/10e-journee-doncopharmacologie-le-1-decembre-2023\/","og_locale":"en_US","og_type":"article","og_title":"10\u00e8 journ\u00e9e d'Oncopharmacologie le 1 d\u00e9cembre 2023 - Carpem","og_description":"La 10\u00e8 journ\u00e9e d\u2019Oncopharmacologie aura lieu le vendredi 1er d\u00e9cembre 2023,...","og_url":"https:\/\/carpem.stage.spacerdesign.com\/10e-journee-doncopharmacologie-le-1-decembre-2023\/","og_site_name":"Carpem","article_published_time":"2024-02-05T16:00:29+00:00","article_modified_time":"2024-02-19T14:29:52+00:00","og_image":[{"width":1013,"height":559,"url":"https:\/\/carpem.stage.spacerdesign.com\/wp-content\/uploads\/2024\/02\/10e-journee-Oncopharmaco-1024x563-1.png","type":"image\/png"}],"author":"Fran","twitter_card":"summary_large_image","twitter_misc":{"Written by":"Fran"},"schema":{"@context":"https:\/\/schema.org","@graph":[{"@type":"WebPage","@id":"https:\/\/carpem.stage.spacerdesign.com\/10e-journee-doncopharmacologie-le-1-decembre-2023\/","url":"https:\/\/carpem.stage.spacerdesign.com\/10e-journee-doncopharmacologie-le-1-decembre-2023\/","name":"10\u00e8 journ\u00e9e d'Oncopharmacologie le 1 d\u00e9cembre 2023 - Carpem","isPartOf":{"@id":"https:\/\/carpem.stage.spacerdesign.com\/#website"},"primaryImageOfPage":{"@id":"https:\/\/carpem.stage.spacerdesign.com\/10e-journee-doncopharmacologie-le-1-decembre-2023\/#primaryimage"},"image":{"@id":"https:\/\/carpem.stage.spacerdesign.com\/10e-journee-doncopharmacologie-le-1-decembre-2023\/#primaryimage"},"thumbnailUrl":"https:\/\/carpem.stage.spacerdesign.com\/wp-content\/uploads\/2024\/02\/10e-journee-Oncopharmaco-1024x563-1.png","datePublished":"2024-02-05T16:00:29+00:00","dateModified":"2024-02-19T14:29:52+00:00","author":{"@id":"https:\/\/carpem.stage.spacerdesign.com\/#\/schema\/person\/8fd2131daec9bd041813b57c0a65510d"},"breadcrumb":{"@id":"https:\/\/carpem.stage.spacerdesign.com\/10e-journee-doncopharmacologie-le-1-decembre-2023\/#breadcrumb"},"inLanguage":"en-US","potentialAction":[{"@type":"ReadAction","target":["https:\/\/carpem.stage.spacerdesign.com\/10e-journee-doncopharmacologie-le-1-decembre-2023\/"]}]},{"@type":"ImageObject","inLanguage":"en-US","@id":"https:\/\/carpem.stage.spacerdesign.com\/10e-journee-doncopharmacologie-le-1-decembre-2023\/#primaryimage","url":"https:\/\/carpem.stage.spacerdesign.com\/wp-content\/uploads\/2024\/02\/10e-journee-Oncopharmaco-1024x563-1.png","contentUrl":"https:\/\/carpem.stage.spacerdesign.com\/wp-content\/uploads\/2024\/02\/10e-journee-Oncopharmaco-1024x563-1.png","width":1013,"height":559},{"@type":"BreadcrumbList","@id":"https:\/\/carpem.stage.spacerdesign.com\/10e-journee-doncopharmacologie-le-1-decembre-2023\/#breadcrumb","itemListElement":[{"@type":"ListItem","position":1,"name":"Portada","item":"https:\/\/carpem.stage.spacerdesign.com\/en\/"},{"@type":"ListItem","position":2,"name":"10\u00e8 journ\u00e9e d&#8217;Oncopharmacologie le 1 d\u00e9cembre 2023"}]},{"@type":"WebSite","@id":"https:\/\/carpem.stage.spacerdesign.com\/#website","url":"https:\/\/carpem.stage.spacerdesign.com\/","name":"Carpem","description":"","potentialAction":[{"@type":"SearchAction","target":{"@type":"EntryPoint","urlTemplate":"https:\/\/carpem.stage.spacerdesign.com\/?s={search_term_string}"},"query-input":"required name=search_term_string"}],"inLanguage":"en-US"},{"@type":"Person","@id":"https:\/\/carpem.stage.spacerdesign.com\/#\/schema\/person\/8fd2131daec9bd041813b57c0a65510d","name":"Fran","image":{"@type":"ImageObject","inLanguage":"en-US","@id":"https:\/\/carpem.stage.spacerdesign.com\/#\/schema\/person\/image\/","url":"https:\/\/secure.gravatar.com\/avatar\/e424e0984e0139e67a14a9d2d12c9f1d87f75c5fc72bd5d7bc9a0563d32a9b50?s=96&d=mm&r=g","contentUrl":"https:\/\/secure.gravatar.com\/avatar\/e424e0984e0139e67a14a9d2d12c9f1d87f75c5fc72bd5d7bc9a0563d32a9b50?s=96&d=mm&r=g","caption":"Fran"},"url":"https:\/\/carpem.stage.spacerdesign.com\/en\/author\/fran\/"}]}},"menu_order":0,"_links":{"self":[{"href":"https:\/\/carpem.stage.spacerdesign.com\/en\/wp-json\/wp\/v2\/posts\/31567","targetHints":{"allow":["GET"]}}],"collection":[{"href":"https:\/\/carpem.stage.spacerdesign.com\/en\/wp-json\/wp\/v2\/posts"}],"about":[{"href":"https:\/\/carpem.stage.spacerdesign.com\/en\/wp-json\/wp\/v2\/types\/post"}],"author":[{"embeddable":true,"href":"https:\/\/carpem.stage.spacerdesign.com\/en\/wp-json\/wp\/v2\/users\/2"}],"replies":[{"embeddable":true,"href":"https:\/\/carpem.stage.spacerdesign.com\/en\/wp-json\/wp\/v2\/comments?post=31567"}],"version-history":[{"count":1,"href":"https:\/\/carpem.stage.spacerdesign.com\/en\/wp-json\/wp\/v2\/posts\/31567\/revisions"}],"predecessor-version":[{"id":31568,"href":"https:\/\/carpem.stage.spacerdesign.com\/en\/wp-json\/wp\/v2\/posts\/31567\/revisions\/31568"}],"wp:featuredmedia":[{"embeddable":true,"href":"https:\/\/carpem.stage.spacerdesign.com\/en\/wp-json\/wp\/v2\/media\/31544"}],"wp:attachment":[{"href":"https:\/\/carpem.stage.spacerdesign.com\/en\/wp-json\/wp\/v2\/media?parent=31567"}],"wp:term":[{"taxonomy":"category","embeddable":true,"href":"https:\/\/carpem.stage.spacerdesign.com\/en\/wp-json\/wp\/v2\/categories?post=31567"},{"taxonomy":"post_tag","embeddable":true,"href":"https:\/\/carpem.stage.spacerdesign.com\/en\/wp-json\/wp\/v2\/tags?post=31567"}],"curies":[{"name":"wp","href":"https:\/\/api.w.org\/{rel}","templated":true}]}}