{"id":31570,"date":"2023-07-18T08:58:53","date_gmt":"2023-07-18T06:58:53","guid":{"rendered":"https:\/\/carpem.stage.spacerdesign.com\/evenement-journee-scientifique-du-crc-21-09-2023\/"},"modified":"2024-02-06T11:10:00","modified_gmt":"2024-02-06T10:10:00","slug":"evenement-journee-scientifique-du-crc-21-09-2023","status":"publish","type":"post","link":"https:\/\/carpem.stage.spacerdesign.com\/en\/evenement-journee-scientifique-du-crc-21-09-2023\/","title":{"rendered":"Journ\u00e9e scientifique du CRC &#8211; 21\/09\/2023"},"content":{"rendered":"<h2>Journ\u00e9e scientifique du CRC le 21 septembre 2023<\/h2>\n<p><img src=\"https:\/\/carpem.stage.spacerdesign.com\/wp-content\/uploads\/2023\/10\/image001.jpg\" sizes=\"(max-width: 800px) 100vw, 800px\" srcset=\"https:\/\/carpem.stage.spacerdesign.com\/wp-content\/uploads\/2023\/10\/image001.jpg 800w, https:\/\/carpem.stage.spacerdesign.com\/wp-content\/uploads\/2023\/10\/1_image001-300x100.jpg 300w, https:\/\/carpem.stage.spacerdesign.com\/wp-content\/uploads\/2023\/10\/1_image001-768x256.jpg 768w\" alt=\"\" width=\"800\" height=\"267\" \/><\/p>\n<p>La journ\u00e9e scientifique annuelle du Centre de Recherche des Cordeliers aura lieu le 21 Septembre (15 rue de l&#8217;\u00c9cole de M\u00e9decine, 75006 Paris). Cette journ\u00e9e est l&#8217;occasion de mettre en avant les travaux des jeunes chercheurs du centre.<\/p>\n<p>Nouveaut\u00e9 cette ann\u00e9e: la journ\u00e9e est ouverte \u00e0 l&#8217;ensemble de la communaut\u00e9 scientifique.<\/p>\n<p>Au programme:<\/p>\n<ol>\n<li>&#8211; innovations technologiques et therapeutiques<\/li>\n<li>&#8211; metabolisme, immunit\u00e9 et cancer<\/li>\n<li>&#8211; exposition environnementale, cancer et maladies chroniques<\/li>\n<li>&#8211; une session &#8220;mon projet en 180s.&#8221;<\/li>\n<li>&#8211; une session posters<\/li>\n<\/ol>\n<p><a href=\"https:\/\/docs.google.com\/forms\/d\/e\/1FAIpQLSc2hNHrHWfXAUyLzo7Uw1QONmVD-6I2-AyQYjgnkbjT3cncrg\/viewform\"> Inscription gratuite, mais obligatoire<\/a><\/p>\n<p><a href=\"https:\/\/carpem.stage.spacerdesign.com\/wp-content\/uploads\/2023\/07\/CRC-DAY_Programme_final2.pdf\"> Acc\u00e9der au programme complet de la journ\u00e9e<\/a><\/p>\n","protected":false},"excerpt":{"rendered":"<p>Journ\u00e9e scientifique du CRC le 21 septembre 2023 La journ\u00e9e scientifique&#8230;<\/p>\n","protected":false},"author":1,"featured_media":28870,"comment_status":"closed","ping_status":"closed","sticky":false,"template":"","format":"standard","meta":{"footnotes":""},"categories":[315],"tags":[408],"class_list":{"0":"post-31570","1":"post","2":"type-post","3":"status-publish","4":"format-standard","5":"has-post-thumbnail","7":"category-seminars-conferences","8":"tag-seminars"},"yoast_head":"<!-- This site is optimized with the Yoast SEO plugin v22.7 - https:\/\/yoast.com\/wordpress\/plugins\/seo\/ -->\n<title>Journ\u00e9e scientifique du CRC - 21\/09\/2023 - Carpem<\/title>\n<meta name=\"robots\" content=\"index, follow, max-snippet:-1, max-image-preview:large, max-video-preview:-1\" \/>\n<link rel=\"canonical\" href=\"https:\/\/carpem.stage.spacerdesign.com\/evenement-journee-scientifique-du-crc-21-09-2023\/\" \/>\n<meta property=\"og:locale\" content=\"en_US\" \/>\n<meta property=\"og:type\" content=\"article\" \/>\n<meta property=\"og:title\" content=\"Journ\u00e9e scientifique du CRC - 21\/09\/2023 - Carpem\" \/>\n<meta property=\"og:description\" content=\"Journ\u00e9e scientifique du CRC le 21 septembre 2023 La journ\u00e9e scientifique...\" \/>\n<meta property=\"og:url\" content=\"https:\/\/carpem.stage.spacerdesign.com\/evenement-journee-scientifique-du-crc-21-09-2023\/\" \/>\n<meta property=\"og:site_name\" content=\"Carpem\" \/>\n<meta property=\"article:published_time\" content=\"2023-07-18T06:58:53+00:00\" \/>\n<meta property=\"article:modified_time\" content=\"2024-02-06T10:10:00+00:00\" \/>\n<meta property=\"og:image\" content=\"https:\/\/carpem.stage.spacerdesign.com\/wp-content\/uploads\/2023\/09\/image001-1.jpg\" \/>\n\t<meta property=\"og:image:width\" content=\"400\" \/>\n\t<meta property=\"og:image:height\" content=\"267\" \/>\n\t<meta property=\"og:image:type\" content=\"image\/jpeg\" \/>\n<meta name=\"author\" content=\"carpem\" \/>\n<meta name=\"twitter:card\" content=\"summary_large_image\" \/>\n<meta name=\"twitter:label1\" content=\"Written by\" \/>\n\t<meta name=\"twitter:data1\" content=\"carpem\" \/>\n\t<meta name=\"twitter:label2\" content=\"Est. reading time\" \/>\n\t<meta name=\"twitter:data2\" content=\"1 minute\" \/>\n<script type=\"application\/ld+json\" class=\"yoast-schema-graph\">{\"@context\":\"https:\/\/schema.org\",\"@graph\":[{\"@type\":\"WebPage\",\"@id\":\"https:\/\/carpem.stage.spacerdesign.com\/evenement-journee-scientifique-du-crc-21-09-2023\/\",\"url\":\"https:\/\/carpem.stage.spacerdesign.com\/evenement-journee-scientifique-du-crc-21-09-2023\/\",\"name\":\"Journ\u00e9e scientifique du CRC - 21\/09\/2023 - Carpem\",\"isPartOf\":{\"@id\":\"https:\/\/carpem.stage.spacerdesign.com\/#website\"},\"primaryImageOfPage\":{\"@id\":\"https:\/\/carpem.stage.spacerdesign.com\/evenement-journee-scientifique-du-crc-21-09-2023\/#primaryimage\"},\"image\":{\"@id\":\"https:\/\/carpem.stage.spacerdesign.com\/evenement-journee-scientifique-du-crc-21-09-2023\/#primaryimage\"},\"thumbnailUrl\":\"https:\/\/carpem.stage.spacerdesign.com\/wp-content\/uploads\/2023\/09\/image001-1.jpg\",\"datePublished\":\"2023-07-18T06:58:53+00:00\",\"dateModified\":\"2024-02-06T10:10:00+00:00\",\"author\":{\"@id\":\"https:\/\/carpem.stage.spacerdesign.com\/#\/schema\/person\/f4309c412b01189106cb4ac924a1c74f\"},\"breadcrumb\":{\"@id\":\"https:\/\/carpem.stage.spacerdesign.com\/evenement-journee-scientifique-du-crc-21-09-2023\/#breadcrumb\"},\"inLanguage\":\"en-US\",\"potentialAction\":[{\"@type\":\"ReadAction\",\"target\":[\"https:\/\/carpem.stage.spacerdesign.com\/evenement-journee-scientifique-du-crc-21-09-2023\/\"]}]},{\"@type\":\"ImageObject\",\"inLanguage\":\"en-US\",\"@id\":\"https:\/\/carpem.stage.spacerdesign.com\/evenement-journee-scientifique-du-crc-21-09-2023\/#primaryimage\",\"url\":\"https:\/\/carpem.stage.spacerdesign.com\/wp-content\/uploads\/2023\/09\/image001-1.jpg\",\"contentUrl\":\"https:\/\/carpem.stage.spacerdesign.com\/wp-content\/uploads\/2023\/09\/image001-1.jpg\",\"width\":400,\"height\":267},{\"@type\":\"BreadcrumbList\",\"@id\":\"https:\/\/carpem.stage.spacerdesign.com\/evenement-journee-scientifique-du-crc-21-09-2023\/#breadcrumb\",\"itemListElement\":[{\"@type\":\"ListItem\",\"position\":1,\"name\":\"Portada\",\"item\":\"https:\/\/carpem.stage.spacerdesign.com\/en\/\"},{\"@type\":\"ListItem\",\"position\":2,\"name\":\"Journ\u00e9e scientifique du CRC &#8211; 21\/09\/2023\"}]},{\"@type\":\"WebSite\",\"@id\":\"https:\/\/carpem.stage.spacerdesign.com\/#website\",\"url\":\"https:\/\/carpem.stage.spacerdesign.com\/\",\"name\":\"Carpem\",\"description\":\"\",\"potentialAction\":[{\"@type\":\"SearchAction\",\"target\":{\"@type\":\"EntryPoint\",\"urlTemplate\":\"https:\/\/carpem.stage.spacerdesign.com\/?s={search_term_string}\"},\"query-input\":\"required name=search_term_string\"}],\"inLanguage\":\"en-US\"},{\"@type\":\"Person\",\"@id\":\"https:\/\/carpem.stage.spacerdesign.com\/#\/schema\/person\/f4309c412b01189106cb4ac924a1c74f\",\"name\":\"carpem\",\"image\":{\"@type\":\"ImageObject\",\"inLanguage\":\"en-US\",\"@id\":\"https:\/\/carpem.stage.spacerdesign.com\/#\/schema\/person\/image\/\",\"url\":\"https:\/\/secure.gravatar.com\/avatar\/372accdded441b480e97d0700ef8511ac251925ac6675b16fa3f84eaa47046bd?s=96&d=mm&r=g\",\"contentUrl\":\"https:\/\/secure.gravatar.com\/avatar\/372accdded441b480e97d0700ef8511ac251925ac6675b16fa3f84eaa47046bd?s=96&d=mm&r=g\",\"caption\":\"carpem\"},\"sameAs\":[\"https:\/\/carpem.stage.spacerdesign.com\"],\"url\":\"https:\/\/carpem.stage.spacerdesign.com\/en\/author\/sargroup\/\"}]}<\/script>\n<!-- \/ Yoast SEO plugin. -->","yoast_head_json":{"title":"Journ\u00e9e scientifique du CRC - 21\/09\/2023 - Carpem","robots":{"index":"index","follow":"follow","max-snippet":"max-snippet:-1","max-image-preview":"max-image-preview:large","max-video-preview":"max-video-preview:-1"},"canonical":"https:\/\/carpem.stage.spacerdesign.com\/evenement-journee-scientifique-du-crc-21-09-2023\/","og_locale":"en_US","og_type":"article","og_title":"Journ\u00e9e scientifique du CRC - 21\/09\/2023 - Carpem","og_description":"Journ\u00e9e scientifique du CRC le 21 septembre 2023 La journ\u00e9e scientifique...","og_url":"https:\/\/carpem.stage.spacerdesign.com\/evenement-journee-scientifique-du-crc-21-09-2023\/","og_site_name":"Carpem","article_published_time":"2023-07-18T06:58:53+00:00","article_modified_time":"2024-02-06T10:10:00+00:00","og_image":[{"width":400,"height":267,"url":"https:\/\/carpem.stage.spacerdesign.com\/wp-content\/uploads\/2023\/09\/image001-1.jpg","type":"image\/jpeg"}],"author":"carpem","twitter_card":"summary_large_image","twitter_misc":{"Written by":"carpem","Est. reading time":"1 minute"},"schema":{"@context":"https:\/\/schema.org","@graph":[{"@type":"WebPage","@id":"https:\/\/carpem.stage.spacerdesign.com\/evenement-journee-scientifique-du-crc-21-09-2023\/","url":"https:\/\/carpem.stage.spacerdesign.com\/evenement-journee-scientifique-du-crc-21-09-2023\/","name":"Journ\u00e9e scientifique du CRC - 21\/09\/2023 - Carpem","isPartOf":{"@id":"https:\/\/carpem.stage.spacerdesign.com\/#website"},"primaryImageOfPage":{"@id":"https:\/\/carpem.stage.spacerdesign.com\/evenement-journee-scientifique-du-crc-21-09-2023\/#primaryimage"},"image":{"@id":"https:\/\/carpem.stage.spacerdesign.com\/evenement-journee-scientifique-du-crc-21-09-2023\/#primaryimage"},"thumbnailUrl":"https:\/\/carpem.stage.spacerdesign.com\/wp-content\/uploads\/2023\/09\/image001-1.jpg","datePublished":"2023-07-18T06:58:53+00:00","dateModified":"2024-02-06T10:10:00+00:00","author":{"@id":"https:\/\/carpem.stage.spacerdesign.com\/#\/schema\/person\/f4309c412b01189106cb4ac924a1c74f"},"breadcrumb":{"@id":"https:\/\/carpem.stage.spacerdesign.com\/evenement-journee-scientifique-du-crc-21-09-2023\/#breadcrumb"},"inLanguage":"en-US","potentialAction":[{"@type":"ReadAction","target":["https:\/\/carpem.stage.spacerdesign.com\/evenement-journee-scientifique-du-crc-21-09-2023\/"]}]},{"@type":"ImageObject","inLanguage":"en-US","@id":"https:\/\/carpem.stage.spacerdesign.com\/evenement-journee-scientifique-du-crc-21-09-2023\/#primaryimage","url":"https:\/\/carpem.stage.spacerdesign.com\/wp-content\/uploads\/2023\/09\/image001-1.jpg","contentUrl":"https:\/\/carpem.stage.spacerdesign.com\/wp-content\/uploads\/2023\/09\/image001-1.jpg","width":400,"height":267},{"@type":"BreadcrumbList","@id":"https:\/\/carpem.stage.spacerdesign.com\/evenement-journee-scientifique-du-crc-21-09-2023\/#breadcrumb","itemListElement":[{"@type":"ListItem","position":1,"name":"Portada","item":"https:\/\/carpem.stage.spacerdesign.com\/en\/"},{"@type":"ListItem","position":2,"name":"Journ\u00e9e scientifique du CRC &#8211; 21\/09\/2023"}]},{"@type":"WebSite","@id":"https:\/\/carpem.stage.spacerdesign.com\/#website","url":"https:\/\/carpem.stage.spacerdesign.com\/","name":"Carpem","description":"","potentialAction":[{"@type":"SearchAction","target":{"@type":"EntryPoint","urlTemplate":"https:\/\/carpem.stage.spacerdesign.com\/?s={search_term_string}"},"query-input":"required name=search_term_string"}],"inLanguage":"en-US"},{"@type":"Person","@id":"https:\/\/carpem.stage.spacerdesign.com\/#\/schema\/person\/f4309c412b01189106cb4ac924a1c74f","name":"carpem","image":{"@type":"ImageObject","inLanguage":"en-US","@id":"https:\/\/carpem.stage.spacerdesign.com\/#\/schema\/person\/image\/","url":"https:\/\/secure.gravatar.com\/avatar\/372accdded441b480e97d0700ef8511ac251925ac6675b16fa3f84eaa47046bd?s=96&d=mm&r=g","contentUrl":"https:\/\/secure.gravatar.com\/avatar\/372accdded441b480e97d0700ef8511ac251925ac6675b16fa3f84eaa47046bd?s=96&d=mm&r=g","caption":"carpem"},"sameAs":["https:\/\/carpem.stage.spacerdesign.com"],"url":"https:\/\/carpem.stage.spacerdesign.com\/en\/author\/sargroup\/"}]}},"menu_order":0,"_links":{"self":[{"href":"https:\/\/carpem.stage.spacerdesign.com\/en\/wp-json\/wp\/v2\/posts\/31570","targetHints":{"allow":["GET"]}}],"collection":[{"href":"https:\/\/carpem.stage.spacerdesign.com\/en\/wp-json\/wp\/v2\/posts"}],"about":[{"href":"https:\/\/carpem.stage.spacerdesign.com\/en\/wp-json\/wp\/v2\/types\/post"}],"author":[{"embeddable":true,"href":"https:\/\/carpem.stage.spacerdesign.com\/en\/wp-json\/wp\/v2\/users\/1"}],"replies":[{"embeddable":true,"href":"https:\/\/carpem.stage.spacerdesign.com\/en\/wp-json\/wp\/v2\/comments?post=31570"}],"version-history":[{"count":1,"href":"https:\/\/carpem.stage.spacerdesign.com\/en\/wp-json\/wp\/v2\/posts\/31570\/revisions"}],"predecessor-version":[{"id":31571,"href":"https:\/\/carpem.stage.spacerdesign.com\/en\/wp-json\/wp\/v2\/posts\/31570\/revisions\/31571"}],"wp:featuredmedia":[{"embeddable":true,"href":"https:\/\/carpem.stage.spacerdesign.com\/en\/wp-json\/wp\/v2\/media\/28870"}],"wp:attachment":[{"href":"https:\/\/carpem.stage.spacerdesign.com\/en\/wp-json\/wp\/v2\/media?parent=31570"}],"wp:term":[{"taxonomy":"category","embeddable":true,"href":"https:\/\/carpem.stage.spacerdesign.com\/en\/wp-json\/wp\/v2\/categories?post=31570"},{"taxonomy":"post_tag","embeddable":true,"href":"https:\/\/carpem.stage.spacerdesign.com\/en\/wp-json\/wp\/v2\/tags?post=31570"}],"curies":[{"name":"wp","href":"https:\/\/api.w.org\/{rel}","templated":true}]}}