{"id":31573,"date":"2023-06-28T08:43:43","date_gmt":"2023-06-28T06:43:43","guid":{"rendered":"https:\/\/carpem.stage.spacerdesign.com\/le-16e-colloque-annuel-du-canceropole-ile-de-france-aura-lieu-le-17-janvier-2023\/"},"modified":"2024-02-06T11:10:57","modified_gmt":"2024-02-06T10:10:57","slug":"le-16e-colloque-annuel-du-canceropole-ile-de-france-aura-lieu-le-17-janvier-2023","status":"publish","type":"post","link":"https:\/\/carpem.stage.spacerdesign.com\/en\/le-16e-colloque-annuel-du-canceropole-ile-de-france-aura-lieu-le-17-janvier-2023\/","title":{"rendered":"Le 16\u00e8 Colloque annuel du Canc\u00e9rop\u00f4le Ile-de-France aura lieu le 17 janvier 2023"},"content":{"rendered":"<p>Le 16e colloque annuel du Canc\u00e9rop\u00f4le IDF aura lieu le jeudi 17 janvier 2023 en format webinaire. Il aura pour objectif de rassembler les chercheurs, professionnels de sant\u00e9, patients et repr\u00e9sentants de patients autour d\u2019un th\u00e8me \u00e9mergeant et prometteur pour la recherche sur le cancer : l\u2019h\u00e9t\u00e9rog\u00e9n\u00e9it\u00e9 tumorale et la plasticit\u00e9 \u00e0 travers l\u2019espace et le temps.<\/p>\n<p>Le programme <a href=\"https:\/\/www.canceropole-idf.fr\/manifestation\/16colloque-heterogeneite\/\">https:\/\/www.canceropole-idf.fr\/manifestation\/16colloque-heterogeneite\/<\/a><\/p>\n","protected":false},"excerpt":{"rendered":"<p>Le 16e colloque annuel du Canc\u00e9rop\u00f4le IDF aura lieu le jeudi&#8230;<\/p>\n","protected":false},"author":1,"featured_media":28821,"comment_status":"closed","ping_status":"closed","sticky":false,"template":"","format":"standard","meta":{"footnotes":""},"categories":[315],"tags":[409,408],"class_list":{"0":"post-31573","1":"post","2":"type-post","3":"status-publish","4":"format-standard","5":"has-post-thumbnail","7":"category-seminars-conferences","8":"tag-seminaire-en","9":"tag-seminars"},"yoast_head":"<!-- This site is optimized with the Yoast SEO plugin v22.7 - https:\/\/yoast.com\/wordpress\/plugins\/seo\/ -->\n<title>Le 16\u00e8 Colloque annuel du Canc\u00e9rop\u00f4le Ile-de-France aura lieu le 17 janvier 2023 - Carpem<\/title>\n<meta name=\"robots\" content=\"index, follow, max-snippet:-1, max-image-preview:large, max-video-preview:-1\" \/>\n<link rel=\"canonical\" href=\"https:\/\/carpem.stage.spacerdesign.com\/le-16e-colloque-annuel-du-canceropole-ile-de-france-aura-lieu-le-17-janvier-2023\/\" \/>\n<meta property=\"og:locale\" content=\"en_US\" \/>\n<meta property=\"og:type\" content=\"article\" \/>\n<meta property=\"og:title\" content=\"Le 16\u00e8 Colloque annuel du Canc\u00e9rop\u00f4le Ile-de-France aura lieu le 17 janvier 2023 - Carpem\" \/>\n<meta property=\"og:description\" content=\"Le 16e colloque annuel du Canc\u00e9rop\u00f4le IDF aura lieu le jeudi...\" \/>\n<meta property=\"og:url\" content=\"https:\/\/carpem.stage.spacerdesign.com\/le-16e-colloque-annuel-du-canceropole-ile-de-france-aura-lieu-le-17-janvier-2023\/\" \/>\n<meta property=\"og:site_name\" content=\"Carpem\" \/>\n<meta property=\"article:published_time\" content=\"2023-06-28T06:43:43+00:00\" \/>\n<meta property=\"article:modified_time\" content=\"2024-02-06T10:10:57+00:00\" \/>\n<meta property=\"og:image\" content=\"https:\/\/carpem.stage.spacerdesign.com\/wp-content\/uploads\/2023\/09\/Canceropole.jpg\" \/>\n\t<meta property=\"og:image:width\" content=\"1034\" \/>\n\t<meta property=\"og:image:height\" content=\"602\" \/>\n\t<meta property=\"og:image:type\" content=\"image\/jpeg\" \/>\n<meta name=\"author\" content=\"carpem\" \/>\n<meta name=\"twitter:card\" content=\"summary_large_image\" \/>\n<meta name=\"twitter:label1\" content=\"Written by\" \/>\n\t<meta name=\"twitter:data1\" content=\"carpem\" \/>\n<script type=\"application\/ld+json\" class=\"yoast-schema-graph\">{\"@context\":\"https:\/\/schema.org\",\"@graph\":[{\"@type\":\"WebPage\",\"@id\":\"https:\/\/carpem.stage.spacerdesign.com\/le-16e-colloque-annuel-du-canceropole-ile-de-france-aura-lieu-le-17-janvier-2023\/\",\"url\":\"https:\/\/carpem.stage.spacerdesign.com\/le-16e-colloque-annuel-du-canceropole-ile-de-france-aura-lieu-le-17-janvier-2023\/\",\"name\":\"Le 16\u00e8 Colloque annuel du Canc\u00e9rop\u00f4le Ile-de-France aura lieu le 17 janvier 2023 - Carpem\",\"isPartOf\":{\"@id\":\"https:\/\/carpem.stage.spacerdesign.com\/#website\"},\"primaryImageOfPage\":{\"@id\":\"https:\/\/carpem.stage.spacerdesign.com\/le-16e-colloque-annuel-du-canceropole-ile-de-france-aura-lieu-le-17-janvier-2023\/#primaryimage\"},\"image\":{\"@id\":\"https:\/\/carpem.stage.spacerdesign.com\/le-16e-colloque-annuel-du-canceropole-ile-de-france-aura-lieu-le-17-janvier-2023\/#primaryimage\"},\"thumbnailUrl\":\"https:\/\/carpem.stage.spacerdesign.com\/wp-content\/uploads\/2023\/09\/Canceropole.jpg\",\"datePublished\":\"2023-06-28T06:43:43+00:00\",\"dateModified\":\"2024-02-06T10:10:57+00:00\",\"author\":{\"@id\":\"https:\/\/carpem.stage.spacerdesign.com\/#\/schema\/person\/f4309c412b01189106cb4ac924a1c74f\"},\"breadcrumb\":{\"@id\":\"https:\/\/carpem.stage.spacerdesign.com\/le-16e-colloque-annuel-du-canceropole-ile-de-france-aura-lieu-le-17-janvier-2023\/#breadcrumb\"},\"inLanguage\":\"en-US\",\"potentialAction\":[{\"@type\":\"ReadAction\",\"target\":[\"https:\/\/carpem.stage.spacerdesign.com\/le-16e-colloque-annuel-du-canceropole-ile-de-france-aura-lieu-le-17-janvier-2023\/\"]}]},{\"@type\":\"ImageObject\",\"inLanguage\":\"en-US\",\"@id\":\"https:\/\/carpem.stage.spacerdesign.com\/le-16e-colloque-annuel-du-canceropole-ile-de-france-aura-lieu-le-17-janvier-2023\/#primaryimage\",\"url\":\"https:\/\/carpem.stage.spacerdesign.com\/wp-content\/uploads\/2023\/09\/Canceropole.jpg\",\"contentUrl\":\"https:\/\/carpem.stage.spacerdesign.com\/wp-content\/uploads\/2023\/09\/Canceropole.jpg\",\"width\":1034,\"height\":602},{\"@type\":\"BreadcrumbList\",\"@id\":\"https:\/\/carpem.stage.spacerdesign.com\/le-16e-colloque-annuel-du-canceropole-ile-de-france-aura-lieu-le-17-janvier-2023\/#breadcrumb\",\"itemListElement\":[{\"@type\":\"ListItem\",\"position\":1,\"name\":\"Portada\",\"item\":\"https:\/\/carpem.stage.spacerdesign.com\/en\/\"},{\"@type\":\"ListItem\",\"position\":2,\"name\":\"Le 16\u00e8 Colloque annuel du Canc\u00e9rop\u00f4le Ile-de-France aura lieu le 17 janvier 2023\"}]},{\"@type\":\"WebSite\",\"@id\":\"https:\/\/carpem.stage.spacerdesign.com\/#website\",\"url\":\"https:\/\/carpem.stage.spacerdesign.com\/\",\"name\":\"Carpem\",\"description\":\"\",\"potentialAction\":[{\"@type\":\"SearchAction\",\"target\":{\"@type\":\"EntryPoint\",\"urlTemplate\":\"https:\/\/carpem.stage.spacerdesign.com\/?s={search_term_string}\"},\"query-input\":\"required name=search_term_string\"}],\"inLanguage\":\"en-US\"},{\"@type\":\"Person\",\"@id\":\"https:\/\/carpem.stage.spacerdesign.com\/#\/schema\/person\/f4309c412b01189106cb4ac924a1c74f\",\"name\":\"carpem\",\"image\":{\"@type\":\"ImageObject\",\"inLanguage\":\"en-US\",\"@id\":\"https:\/\/carpem.stage.spacerdesign.com\/#\/schema\/person\/image\/\",\"url\":\"https:\/\/secure.gravatar.com\/avatar\/372accdded441b480e97d0700ef8511ac251925ac6675b16fa3f84eaa47046bd?s=96&d=mm&r=g\",\"contentUrl\":\"https:\/\/secure.gravatar.com\/avatar\/372accdded441b480e97d0700ef8511ac251925ac6675b16fa3f84eaa47046bd?s=96&d=mm&r=g\",\"caption\":\"carpem\"},\"sameAs\":[\"https:\/\/carpem.stage.spacerdesign.com\"],\"url\":\"https:\/\/carpem.stage.spacerdesign.com\/en\/author\/sargroup\/\"}]}<\/script>\n<!-- \/ Yoast SEO plugin. -->","yoast_head_json":{"title":"Le 16\u00e8 Colloque annuel du Canc\u00e9rop\u00f4le Ile-de-France aura lieu le 17 janvier 2023 - Carpem","robots":{"index":"index","follow":"follow","max-snippet":"max-snippet:-1","max-image-preview":"max-image-preview:large","max-video-preview":"max-video-preview:-1"},"canonical":"https:\/\/carpem.stage.spacerdesign.com\/le-16e-colloque-annuel-du-canceropole-ile-de-france-aura-lieu-le-17-janvier-2023\/","og_locale":"en_US","og_type":"article","og_title":"Le 16\u00e8 Colloque annuel du Canc\u00e9rop\u00f4le Ile-de-France aura lieu le 17 janvier 2023 - Carpem","og_description":"Le 16e colloque annuel du Canc\u00e9rop\u00f4le IDF aura lieu le jeudi...","og_url":"https:\/\/carpem.stage.spacerdesign.com\/le-16e-colloque-annuel-du-canceropole-ile-de-france-aura-lieu-le-17-janvier-2023\/","og_site_name":"Carpem","article_published_time":"2023-06-28T06:43:43+00:00","article_modified_time":"2024-02-06T10:10:57+00:00","og_image":[{"width":1034,"height":602,"url":"https:\/\/carpem.stage.spacerdesign.com\/wp-content\/uploads\/2023\/09\/Canceropole.jpg","type":"image\/jpeg"}],"author":"carpem","twitter_card":"summary_large_image","twitter_misc":{"Written by":"carpem"},"schema":{"@context":"https:\/\/schema.org","@graph":[{"@type":"WebPage","@id":"https:\/\/carpem.stage.spacerdesign.com\/le-16e-colloque-annuel-du-canceropole-ile-de-france-aura-lieu-le-17-janvier-2023\/","url":"https:\/\/carpem.stage.spacerdesign.com\/le-16e-colloque-annuel-du-canceropole-ile-de-france-aura-lieu-le-17-janvier-2023\/","name":"Le 16\u00e8 Colloque annuel du Canc\u00e9rop\u00f4le Ile-de-France aura lieu le 17 janvier 2023 - Carpem","isPartOf":{"@id":"https:\/\/carpem.stage.spacerdesign.com\/#website"},"primaryImageOfPage":{"@id":"https:\/\/carpem.stage.spacerdesign.com\/le-16e-colloque-annuel-du-canceropole-ile-de-france-aura-lieu-le-17-janvier-2023\/#primaryimage"},"image":{"@id":"https:\/\/carpem.stage.spacerdesign.com\/le-16e-colloque-annuel-du-canceropole-ile-de-france-aura-lieu-le-17-janvier-2023\/#primaryimage"},"thumbnailUrl":"https:\/\/carpem.stage.spacerdesign.com\/wp-content\/uploads\/2023\/09\/Canceropole.jpg","datePublished":"2023-06-28T06:43:43+00:00","dateModified":"2024-02-06T10:10:57+00:00","author":{"@id":"https:\/\/carpem.stage.spacerdesign.com\/#\/schema\/person\/f4309c412b01189106cb4ac924a1c74f"},"breadcrumb":{"@id":"https:\/\/carpem.stage.spacerdesign.com\/le-16e-colloque-annuel-du-canceropole-ile-de-france-aura-lieu-le-17-janvier-2023\/#breadcrumb"},"inLanguage":"en-US","potentialAction":[{"@type":"ReadAction","target":["https:\/\/carpem.stage.spacerdesign.com\/le-16e-colloque-annuel-du-canceropole-ile-de-france-aura-lieu-le-17-janvier-2023\/"]}]},{"@type":"ImageObject","inLanguage":"en-US","@id":"https:\/\/carpem.stage.spacerdesign.com\/le-16e-colloque-annuel-du-canceropole-ile-de-france-aura-lieu-le-17-janvier-2023\/#primaryimage","url":"https:\/\/carpem.stage.spacerdesign.com\/wp-content\/uploads\/2023\/09\/Canceropole.jpg","contentUrl":"https:\/\/carpem.stage.spacerdesign.com\/wp-content\/uploads\/2023\/09\/Canceropole.jpg","width":1034,"height":602},{"@type":"BreadcrumbList","@id":"https:\/\/carpem.stage.spacerdesign.com\/le-16e-colloque-annuel-du-canceropole-ile-de-france-aura-lieu-le-17-janvier-2023\/#breadcrumb","itemListElement":[{"@type":"ListItem","position":1,"name":"Portada","item":"https:\/\/carpem.stage.spacerdesign.com\/en\/"},{"@type":"ListItem","position":2,"name":"Le 16\u00e8 Colloque annuel du Canc\u00e9rop\u00f4le Ile-de-France aura lieu le 17 janvier 2023"}]},{"@type":"WebSite","@id":"https:\/\/carpem.stage.spacerdesign.com\/#website","url":"https:\/\/carpem.stage.spacerdesign.com\/","name":"Carpem","description":"","potentialAction":[{"@type":"SearchAction","target":{"@type":"EntryPoint","urlTemplate":"https:\/\/carpem.stage.spacerdesign.com\/?s={search_term_string}"},"query-input":"required name=search_term_string"}],"inLanguage":"en-US"},{"@type":"Person","@id":"https:\/\/carpem.stage.spacerdesign.com\/#\/schema\/person\/f4309c412b01189106cb4ac924a1c74f","name":"carpem","image":{"@type":"ImageObject","inLanguage":"en-US","@id":"https:\/\/carpem.stage.spacerdesign.com\/#\/schema\/person\/image\/","url":"https:\/\/secure.gravatar.com\/avatar\/372accdded441b480e97d0700ef8511ac251925ac6675b16fa3f84eaa47046bd?s=96&d=mm&r=g","contentUrl":"https:\/\/secure.gravatar.com\/avatar\/372accdded441b480e97d0700ef8511ac251925ac6675b16fa3f84eaa47046bd?s=96&d=mm&r=g","caption":"carpem"},"sameAs":["https:\/\/carpem.stage.spacerdesign.com"],"url":"https:\/\/carpem.stage.spacerdesign.com\/en\/author\/sargroup\/"}]}},"menu_order":0,"_links":{"self":[{"href":"https:\/\/carpem.stage.spacerdesign.com\/en\/wp-json\/wp\/v2\/posts\/31573","targetHints":{"allow":["GET"]}}],"collection":[{"href":"https:\/\/carpem.stage.spacerdesign.com\/en\/wp-json\/wp\/v2\/posts"}],"about":[{"href":"https:\/\/carpem.stage.spacerdesign.com\/en\/wp-json\/wp\/v2\/types\/post"}],"author":[{"embeddable":true,"href":"https:\/\/carpem.stage.spacerdesign.com\/en\/wp-json\/wp\/v2\/users\/1"}],"replies":[{"embeddable":true,"href":"https:\/\/carpem.stage.spacerdesign.com\/en\/wp-json\/wp\/v2\/comments?post=31573"}],"version-history":[{"count":1,"href":"https:\/\/carpem.stage.spacerdesign.com\/en\/wp-json\/wp\/v2\/posts\/31573\/revisions"}],"predecessor-version":[{"id":31574,"href":"https:\/\/carpem.stage.spacerdesign.com\/en\/wp-json\/wp\/v2\/posts\/31573\/revisions\/31574"}],"wp:featuredmedia":[{"embeddable":true,"href":"https:\/\/carpem.stage.spacerdesign.com\/en\/wp-json\/wp\/v2\/media\/28821"}],"wp:attachment":[{"href":"https:\/\/carpem.stage.spacerdesign.com\/en\/wp-json\/wp\/v2\/media?parent=31573"}],"wp:term":[{"taxonomy":"category","embeddable":true,"href":"https:\/\/carpem.stage.spacerdesign.com\/en\/wp-json\/wp\/v2\/categories?post=31573"},{"taxonomy":"post_tag","embeddable":true,"href":"https:\/\/carpem.stage.spacerdesign.com\/en\/wp-json\/wp\/v2\/tags?post=31573"}],"curies":[{"name":"wp","href":"https:\/\/api.w.org\/{rel}","templated":true}]}}