{"id":31579,"date":"2022-09-13T09:37:28","date_gmt":"2022-09-13T07:37:28","guid":{"rendered":"https:\/\/carpem.stage.spacerdesign.com\/seminaires-seminaires-du-mois-de-septembre\/"},"modified":"2024-02-06T11:15:23","modified_gmt":"2024-02-06T10:15:23","slug":"seminaires-seminaires-du-mois-de-septembre","status":"publish","type":"post","link":"https:\/\/carpem.stage.spacerdesign.com\/en\/seminaires-seminaires-du-mois-de-septembre\/","title":{"rendered":"[S\u00e9minaires] &#8211; S\u00e9minaires du mois de Septembre"},"content":{"rendered":"<p>Retrouvez ci-dessous les s\u00e9minaires du mois de Septembre organis\u00e9s par nos chercheurs.<\/p>\n<ul>\n<li>Jeudi 15 Septembre 2022, 13h30<\/li>\n<\/ul>\n<p><strong>Marc-Henri Stern<\/strong> (Institut Curie, Paris) \u00ab\u00a0Inherited and somatic genetic events in uveal melanoma, a rare but dismal malignancy of the eye\u201d<\/p>\n<p><em>Centre de Recherche des Cordeliers, 15 rue de l\u2019\u00e9cole de M\u00e9decine 75006 Paris, Amphith\u00e9\u00e2tre Gustave Roussy<\/em><\/p>\n<p><a href=\"https:\/\/www.crcordeliers.fr\/evenement\/titre-en-attente-32\/\">https:\/\/www.crcordeliers.fr\/evenement\/titre-en-attente-32\/<\/a><\/p>\n<ul>\n<li>Jeudi 15 Septembre 2022, 12h00<\/li>\n<\/ul>\n<p><strong>\u00a0Seishi Ogawa<\/strong> (Kyoto University, Japan), \u201cDDX41-mutated myeloid neoplasm\u201d<\/p>\n<p><em>Institut Cochin, Salle Rosalind Franklin \u2013 22 rue M\u00e9chain 75014 Paris<\/em><\/p>\n<p><a href=\"https:\/\/institutcochin.fr\/agenda\/seishi-ogawa-ddx41-mutated-myeloid-neoplasms\">https:\/\/institutcochin.fr\/agenda\/seishi-ogawa-ddx41-mutated-myeloid-neoplasms<\/a><\/p>\n<ul>\n<li>Jeudi 29 Septembre 2022, 13h30 :<\/li>\n<\/ul>\n<p><strong>Tom Bird<\/strong> (Beatson Institute for Cancer Research, Ecosse) \u00ab\u00a0Murine models of HCC subtypes for preventative and systemic therapy\u201d<\/p>\n<p><em>Centre de Recherche des Cordeliers, 15 rue de l\u2019\u00e9cole de M\u00e9decine 75006 Paris, Amphith\u00e9\u00e2tre Gustave Roussy<\/em><\/p>\n<p><a href=\"https:\/\/www.crcordeliers.fr\/evenement\/murine-models-of-hcc-subtypes-for-preventative-and-systemic-therapy\/\">https:\/\/www.crcordeliers.fr\/evenement\/murine-models-of-hcc-subtypes-for-preventative-and-systemic-therapy\/<\/a><\/p>\n","protected":false},"excerpt":{"rendered":"<p>Retrouvez ci-dessous les s\u00e9minaires du mois de Septembre organis\u00e9s par nos&#8230;<\/p>\n","protected":false},"author":1,"featured_media":28812,"comment_status":"closed","ping_status":"closed","sticky":false,"template":"","format":"standard","meta":{"footnotes":""},"categories":[315],"tags":[408],"class_list":{"0":"post-31579","1":"post","2":"type-post","3":"status-publish","4":"format-standard","5":"has-post-thumbnail","7":"category-seminars-conferences","8":"tag-seminars"},"yoast_head":"<!-- This site is optimized with the Yoast SEO plugin v22.7 - https:\/\/yoast.com\/wordpress\/plugins\/seo\/ -->\n<title>[S\u00e9minaires] - S\u00e9minaires du mois de Septembre - Carpem<\/title>\n<meta name=\"robots\" content=\"index, follow, max-snippet:-1, max-image-preview:large, max-video-preview:-1\" \/>\n<link rel=\"canonical\" href=\"https:\/\/carpem.stage.spacerdesign.com\/seminaires-seminaires-du-mois-de-septembre\/\" \/>\n<meta property=\"og:locale\" content=\"en_US\" \/>\n<meta property=\"og:type\" content=\"article\" \/>\n<meta property=\"og:title\" content=\"[S\u00e9minaires] - S\u00e9minaires du mois de Septembre - Carpem\" \/>\n<meta property=\"og:description\" content=\"Retrouvez ci-dessous les s\u00e9minaires du mois de Septembre organis\u00e9s par nos...\" \/>\n<meta property=\"og:url\" content=\"https:\/\/carpem.stage.spacerdesign.com\/seminaires-seminaires-du-mois-de-septembre\/\" \/>\n<meta property=\"og:site_name\" content=\"Carpem\" \/>\n<meta property=\"article:published_time\" content=\"2022-09-13T07:37:28+00:00\" \/>\n<meta property=\"article:modified_time\" content=\"2024-02-06T10:15:23+00:00\" \/>\n<meta property=\"og:image\" content=\"https:\/\/carpem.stage.spacerdesign.com\/wp-content\/uploads\/2023\/09\/Sans-titre-3.jpg\" \/>\n\t<meta property=\"og:image:width\" content=\"369\" \/>\n\t<meta property=\"og:image:height\" content=\"207\" \/>\n\t<meta property=\"og:image:type\" content=\"image\/jpeg\" \/>\n<meta name=\"author\" content=\"carpem\" \/>\n<meta name=\"twitter:card\" content=\"summary_large_image\" \/>\n<meta name=\"twitter:label1\" content=\"Written by\" \/>\n\t<meta name=\"twitter:data1\" content=\"carpem\" \/>\n\t<meta name=\"twitter:label2\" content=\"Est. reading time\" \/>\n\t<meta name=\"twitter:data2\" content=\"1 minute\" \/>\n<script type=\"application\/ld+json\" class=\"yoast-schema-graph\">{\"@context\":\"https:\/\/schema.org\",\"@graph\":[{\"@type\":\"WebPage\",\"@id\":\"https:\/\/carpem.stage.spacerdesign.com\/seminaires-seminaires-du-mois-de-septembre\/\",\"url\":\"https:\/\/carpem.stage.spacerdesign.com\/seminaires-seminaires-du-mois-de-septembre\/\",\"name\":\"[S\u00e9minaires] - S\u00e9minaires du mois de Septembre - Carpem\",\"isPartOf\":{\"@id\":\"https:\/\/carpem.stage.spacerdesign.com\/#website\"},\"primaryImageOfPage\":{\"@id\":\"https:\/\/carpem.stage.spacerdesign.com\/seminaires-seminaires-du-mois-de-septembre\/#primaryimage\"},\"image\":{\"@id\":\"https:\/\/carpem.stage.spacerdesign.com\/seminaires-seminaires-du-mois-de-septembre\/#primaryimage\"},\"thumbnailUrl\":\"https:\/\/carpem.stage.spacerdesign.com\/wp-content\/uploads\/2023\/09\/Sans-titre-3.jpg\",\"datePublished\":\"2022-09-13T07:37:28+00:00\",\"dateModified\":\"2024-02-06T10:15:23+00:00\",\"author\":{\"@id\":\"https:\/\/carpem.stage.spacerdesign.com\/#\/schema\/person\/f4309c412b01189106cb4ac924a1c74f\"},\"breadcrumb\":{\"@id\":\"https:\/\/carpem.stage.spacerdesign.com\/seminaires-seminaires-du-mois-de-septembre\/#breadcrumb\"},\"inLanguage\":\"en-US\",\"potentialAction\":[{\"@type\":\"ReadAction\",\"target\":[\"https:\/\/carpem.stage.spacerdesign.com\/seminaires-seminaires-du-mois-de-septembre\/\"]}]},{\"@type\":\"ImageObject\",\"inLanguage\":\"en-US\",\"@id\":\"https:\/\/carpem.stage.spacerdesign.com\/seminaires-seminaires-du-mois-de-septembre\/#primaryimage\",\"url\":\"https:\/\/carpem.stage.spacerdesign.com\/wp-content\/uploads\/2023\/09\/Sans-titre-3.jpg\",\"contentUrl\":\"https:\/\/carpem.stage.spacerdesign.com\/wp-content\/uploads\/2023\/09\/Sans-titre-3.jpg\",\"width\":369,\"height\":207},{\"@type\":\"BreadcrumbList\",\"@id\":\"https:\/\/carpem.stage.spacerdesign.com\/seminaires-seminaires-du-mois-de-septembre\/#breadcrumb\",\"itemListElement\":[{\"@type\":\"ListItem\",\"position\":1,\"name\":\"Portada\",\"item\":\"https:\/\/carpem.stage.spacerdesign.com\/en\/\"},{\"@type\":\"ListItem\",\"position\":2,\"name\":\"[S\u00e9minaires] &#8211; S\u00e9minaires du mois de Septembre\"}]},{\"@type\":\"WebSite\",\"@id\":\"https:\/\/carpem.stage.spacerdesign.com\/#website\",\"url\":\"https:\/\/carpem.stage.spacerdesign.com\/\",\"name\":\"Carpem\",\"description\":\"\",\"potentialAction\":[{\"@type\":\"SearchAction\",\"target\":{\"@type\":\"EntryPoint\",\"urlTemplate\":\"https:\/\/carpem.stage.spacerdesign.com\/?s={search_term_string}\"},\"query-input\":\"required name=search_term_string\"}],\"inLanguage\":\"en-US\"},{\"@type\":\"Person\",\"@id\":\"https:\/\/carpem.stage.spacerdesign.com\/#\/schema\/person\/f4309c412b01189106cb4ac924a1c74f\",\"name\":\"carpem\",\"image\":{\"@type\":\"ImageObject\",\"inLanguage\":\"en-US\",\"@id\":\"https:\/\/carpem.stage.spacerdesign.com\/#\/schema\/person\/image\/\",\"url\":\"https:\/\/secure.gravatar.com\/avatar\/372accdded441b480e97d0700ef8511ac251925ac6675b16fa3f84eaa47046bd?s=96&d=mm&r=g\",\"contentUrl\":\"https:\/\/secure.gravatar.com\/avatar\/372accdded441b480e97d0700ef8511ac251925ac6675b16fa3f84eaa47046bd?s=96&d=mm&r=g\",\"caption\":\"carpem\"},\"sameAs\":[\"https:\/\/carpem.stage.spacerdesign.com\"],\"url\":\"https:\/\/carpem.stage.spacerdesign.com\/en\/author\/sargroup\/\"}]}<\/script>\n<!-- \/ Yoast SEO plugin. -->","yoast_head_json":{"title":"[S\u00e9minaires] - S\u00e9minaires du mois de Septembre - Carpem","robots":{"index":"index","follow":"follow","max-snippet":"max-snippet:-1","max-image-preview":"max-image-preview:large","max-video-preview":"max-video-preview:-1"},"canonical":"https:\/\/carpem.stage.spacerdesign.com\/seminaires-seminaires-du-mois-de-septembre\/","og_locale":"en_US","og_type":"article","og_title":"[S\u00e9minaires] - S\u00e9minaires du mois de Septembre - Carpem","og_description":"Retrouvez ci-dessous les s\u00e9minaires du mois de Septembre organis\u00e9s par nos...","og_url":"https:\/\/carpem.stage.spacerdesign.com\/seminaires-seminaires-du-mois-de-septembre\/","og_site_name":"Carpem","article_published_time":"2022-09-13T07:37:28+00:00","article_modified_time":"2024-02-06T10:15:23+00:00","og_image":[{"width":369,"height":207,"url":"https:\/\/carpem.stage.spacerdesign.com\/wp-content\/uploads\/2023\/09\/Sans-titre-3.jpg","type":"image\/jpeg"}],"author":"carpem","twitter_card":"summary_large_image","twitter_misc":{"Written by":"carpem","Est. reading time":"1 minute"},"schema":{"@context":"https:\/\/schema.org","@graph":[{"@type":"WebPage","@id":"https:\/\/carpem.stage.spacerdesign.com\/seminaires-seminaires-du-mois-de-septembre\/","url":"https:\/\/carpem.stage.spacerdesign.com\/seminaires-seminaires-du-mois-de-septembre\/","name":"[S\u00e9minaires] - S\u00e9minaires du mois de Septembre - Carpem","isPartOf":{"@id":"https:\/\/carpem.stage.spacerdesign.com\/#website"},"primaryImageOfPage":{"@id":"https:\/\/carpem.stage.spacerdesign.com\/seminaires-seminaires-du-mois-de-septembre\/#primaryimage"},"image":{"@id":"https:\/\/carpem.stage.spacerdesign.com\/seminaires-seminaires-du-mois-de-septembre\/#primaryimage"},"thumbnailUrl":"https:\/\/carpem.stage.spacerdesign.com\/wp-content\/uploads\/2023\/09\/Sans-titre-3.jpg","datePublished":"2022-09-13T07:37:28+00:00","dateModified":"2024-02-06T10:15:23+00:00","author":{"@id":"https:\/\/carpem.stage.spacerdesign.com\/#\/schema\/person\/f4309c412b01189106cb4ac924a1c74f"},"breadcrumb":{"@id":"https:\/\/carpem.stage.spacerdesign.com\/seminaires-seminaires-du-mois-de-septembre\/#breadcrumb"},"inLanguage":"en-US","potentialAction":[{"@type":"ReadAction","target":["https:\/\/carpem.stage.spacerdesign.com\/seminaires-seminaires-du-mois-de-septembre\/"]}]},{"@type":"ImageObject","inLanguage":"en-US","@id":"https:\/\/carpem.stage.spacerdesign.com\/seminaires-seminaires-du-mois-de-septembre\/#primaryimage","url":"https:\/\/carpem.stage.spacerdesign.com\/wp-content\/uploads\/2023\/09\/Sans-titre-3.jpg","contentUrl":"https:\/\/carpem.stage.spacerdesign.com\/wp-content\/uploads\/2023\/09\/Sans-titre-3.jpg","width":369,"height":207},{"@type":"BreadcrumbList","@id":"https:\/\/carpem.stage.spacerdesign.com\/seminaires-seminaires-du-mois-de-septembre\/#breadcrumb","itemListElement":[{"@type":"ListItem","position":1,"name":"Portada","item":"https:\/\/carpem.stage.spacerdesign.com\/en\/"},{"@type":"ListItem","position":2,"name":"[S\u00e9minaires] &#8211; S\u00e9minaires du mois de Septembre"}]},{"@type":"WebSite","@id":"https:\/\/carpem.stage.spacerdesign.com\/#website","url":"https:\/\/carpem.stage.spacerdesign.com\/","name":"Carpem","description":"","potentialAction":[{"@type":"SearchAction","target":{"@type":"EntryPoint","urlTemplate":"https:\/\/carpem.stage.spacerdesign.com\/?s={search_term_string}"},"query-input":"required name=search_term_string"}],"inLanguage":"en-US"},{"@type":"Person","@id":"https:\/\/carpem.stage.spacerdesign.com\/#\/schema\/person\/f4309c412b01189106cb4ac924a1c74f","name":"carpem","image":{"@type":"ImageObject","inLanguage":"en-US","@id":"https:\/\/carpem.stage.spacerdesign.com\/#\/schema\/person\/image\/","url":"https:\/\/secure.gravatar.com\/avatar\/372accdded441b480e97d0700ef8511ac251925ac6675b16fa3f84eaa47046bd?s=96&d=mm&r=g","contentUrl":"https:\/\/secure.gravatar.com\/avatar\/372accdded441b480e97d0700ef8511ac251925ac6675b16fa3f84eaa47046bd?s=96&d=mm&r=g","caption":"carpem"},"sameAs":["https:\/\/carpem.stage.spacerdesign.com"],"url":"https:\/\/carpem.stage.spacerdesign.com\/en\/author\/sargroup\/"}]}},"menu_order":0,"_links":{"self":[{"href":"https:\/\/carpem.stage.spacerdesign.com\/en\/wp-json\/wp\/v2\/posts\/31579","targetHints":{"allow":["GET"]}}],"collection":[{"href":"https:\/\/carpem.stage.spacerdesign.com\/en\/wp-json\/wp\/v2\/posts"}],"about":[{"href":"https:\/\/carpem.stage.spacerdesign.com\/en\/wp-json\/wp\/v2\/types\/post"}],"author":[{"embeddable":true,"href":"https:\/\/carpem.stage.spacerdesign.com\/en\/wp-json\/wp\/v2\/users\/1"}],"replies":[{"embeddable":true,"href":"https:\/\/carpem.stage.spacerdesign.com\/en\/wp-json\/wp\/v2\/comments?post=31579"}],"version-history":[{"count":1,"href":"https:\/\/carpem.stage.spacerdesign.com\/en\/wp-json\/wp\/v2\/posts\/31579\/revisions"}],"predecessor-version":[{"id":31580,"href":"https:\/\/carpem.stage.spacerdesign.com\/en\/wp-json\/wp\/v2\/posts\/31579\/revisions\/31580"}],"wp:featuredmedia":[{"embeddable":true,"href":"https:\/\/carpem.stage.spacerdesign.com\/en\/wp-json\/wp\/v2\/media\/28812"}],"wp:attachment":[{"href":"https:\/\/carpem.stage.spacerdesign.com\/en\/wp-json\/wp\/v2\/media?parent=31579"}],"wp:term":[{"taxonomy":"category","embeddable":true,"href":"https:\/\/carpem.stage.spacerdesign.com\/en\/wp-json\/wp\/v2\/categories?post=31579"},{"taxonomy":"post_tag","embeddable":true,"href":"https:\/\/carpem.stage.spacerdesign.com\/en\/wp-json\/wp\/v2\/tags?post=31579"}],"curies":[{"name":"wp","href":"https:\/\/api.w.org\/{rel}","templated":true}]}}