{"id":31582,"date":"2022-06-23T08:45:41","date_gmt":"2022-06-23T06:45:41","guid":{"rendered":"https:\/\/carpem.stage.spacerdesign.com\/evenement-colloque-shs-cancers-pediatriques-et-genomique-un-changement-majeur\/"},"modified":"2024-02-06T11:16:21","modified_gmt":"2024-02-06T10:16:21","slug":"evenement-colloque-shs-cancers-pediatriques-et-genomique-un-changement-majeur","status":"publish","type":"post","link":"https:\/\/carpem.stage.spacerdesign.com\/en\/evenement-colloque-shs-cancers-pediatriques-et-genomique-un-changement-majeur\/","title":{"rendered":"[\u00c9v\u00e8nement] Colloque SHS &#8211; Cancers p\u00e9diatriques et g\u00e9nomique, un changement majeur?"},"content":{"rendered":"<p><img src=\"https:\/\/carpem.stage.spacerdesign.com\/wp-content\/uploads\/2022\/06\/1645105665589-copie-724x1024.jpeg\" sizes=\"(max-width: 724px) 100vw, 724px\" srcset=\"https:\/\/carpem.stage.spacerdesign.com\/wp-content\/uploads\/2022\/06\/1645105665589-copie-724x1024.jpeg 724w, https:\/\/carpem.stage.spacerdesign.com\/wp-content\/uploads\/2022\/06\/1645105665589-copie-212x300.jpeg 212w, https:\/\/carpem.stage.spacerdesign.com\/wp-content\/uploads\/2022\/06\/1645105665589-copie-768x1086.jpeg 768w, https:\/\/carpem.stage.spacerdesign.com\/wp-content\/uploads\/2022\/06\/1645105665589-copie-1086x1536.jpeg 1086w, https:\/\/carpem.stage.spacerdesign.com\/wp-content\/uploads\/2022\/06\/1645105665589-copie.jpeg 1280w\" alt=\"\" width=\"724\" height=\"1024\" \/><\/p>\n<p>L\u2019objectif de ce colloque est de pr\u00e9senter des travaux de sciences sociales qui portent sur le d\u00e9veloppement de la m\u00e9decine g\u00e9nomique en oncologie p\u00e9diatrique. Il s\u2019agit plus particuli\u00e8rement de s\u2019int\u00e9resser aux enjeux sociaux, \u00e9thiques, juridiques et organisationnels de la prise en charge des cancers de l\u2019enfant au prisme des changements technologiques et th\u00e9rapeutique r\u00e9cents.<\/p>\n<p>Ce colloque co-organis\u00e9 par Les SIRICs BRIO, CURAMUS et LYRICAN aura lieu les 23 et 24 Juin \u00e0 Lyon<\/p>\n<p>Inscriptions et informations <a href=\"https:\/\/cancerchildreng.sciencesconf.org\/\">https:\/\/cancerchildreng.sciencesconf.org\/<\/a><\/p>\n","protected":false},"excerpt":{"rendered":"<p>L\u2019objectif de ce colloque est de pr\u00e9senter des travaux de sciences&#8230;<\/p>\n","protected":false},"author":1,"featured_media":28808,"comment_status":"closed","ping_status":"closed","sticky":false,"template":"","format":"standard","meta":{"footnotes":""},"categories":[315],"tags":[408],"class_list":{"0":"post-31582","1":"post","2":"type-post","3":"status-publish","4":"format-standard","5":"has-post-thumbnail","7":"category-seminars-conferences","8":"tag-seminars"},"yoast_head":"<!-- This site is optimized with the Yoast SEO plugin v22.7 - https:\/\/yoast.com\/wordpress\/plugins\/seo\/ -->\n<title>[\u00c9v\u00e8nement] Colloque SHS - Cancers p\u00e9diatriques et g\u00e9nomique, un changement majeur? - Carpem<\/title>\n<meta name=\"robots\" content=\"index, follow, max-snippet:-1, max-image-preview:large, max-video-preview:-1\" \/>\n<link rel=\"canonical\" href=\"https:\/\/carpem.stage.spacerdesign.com\/evenement-colloque-shs-cancers-pediatriques-et-genomique-un-changement-majeur\/\" \/>\n<meta property=\"og:locale\" content=\"en_US\" \/>\n<meta property=\"og:type\" content=\"article\" \/>\n<meta property=\"og:title\" content=\"[\u00c9v\u00e8nement] Colloque SHS - Cancers p\u00e9diatriques et g\u00e9nomique, un changement majeur? - Carpem\" \/>\n<meta property=\"og:description\" content=\"L\u2019objectif de ce colloque est de pr\u00e9senter des travaux de sciences...\" \/>\n<meta property=\"og:url\" content=\"https:\/\/carpem.stage.spacerdesign.com\/evenement-colloque-shs-cancers-pediatriques-et-genomique-un-changement-majeur\/\" \/>\n<meta property=\"og:site_name\" content=\"Carpem\" \/>\n<meta property=\"article:published_time\" content=\"2022-06-23T06:45:41+00:00\" \/>\n<meta property=\"article:modified_time\" content=\"2024-02-06T10:16:21+00:00\" \/>\n<meta property=\"og:image\" content=\"https:\/\/carpem.stage.spacerdesign.com\/wp-content\/uploads\/2023\/09\/Sans-titre-2.jpg\" \/>\n\t<meta property=\"og:image:width\" content=\"1483\" \/>\n\t<meta property=\"og:image:height\" content=\"820\" \/>\n\t<meta property=\"og:image:type\" content=\"image\/jpeg\" \/>\n<meta name=\"author\" content=\"carpem\" \/>\n<meta name=\"twitter:card\" content=\"summary_large_image\" \/>\n<meta name=\"twitter:label1\" content=\"Written by\" \/>\n\t<meta name=\"twitter:data1\" content=\"carpem\" \/>\n<script type=\"application\/ld+json\" class=\"yoast-schema-graph\">{\"@context\":\"https:\/\/schema.org\",\"@graph\":[{\"@type\":\"WebPage\",\"@id\":\"https:\/\/carpem.stage.spacerdesign.com\/evenement-colloque-shs-cancers-pediatriques-et-genomique-un-changement-majeur\/\",\"url\":\"https:\/\/carpem.stage.spacerdesign.com\/evenement-colloque-shs-cancers-pediatriques-et-genomique-un-changement-majeur\/\",\"name\":\"[\u00c9v\u00e8nement] Colloque SHS - Cancers p\u00e9diatriques et g\u00e9nomique, un changement majeur? - Carpem\",\"isPartOf\":{\"@id\":\"https:\/\/carpem.stage.spacerdesign.com\/#website\"},\"primaryImageOfPage\":{\"@id\":\"https:\/\/carpem.stage.spacerdesign.com\/evenement-colloque-shs-cancers-pediatriques-et-genomique-un-changement-majeur\/#primaryimage\"},\"image\":{\"@id\":\"https:\/\/carpem.stage.spacerdesign.com\/evenement-colloque-shs-cancers-pediatriques-et-genomique-un-changement-majeur\/#primaryimage\"},\"thumbnailUrl\":\"https:\/\/carpem.stage.spacerdesign.com\/wp-content\/uploads\/2023\/09\/Sans-titre-2.jpg\",\"datePublished\":\"2022-06-23T06:45:41+00:00\",\"dateModified\":\"2024-02-06T10:16:21+00:00\",\"author\":{\"@id\":\"https:\/\/carpem.stage.spacerdesign.com\/#\/schema\/person\/f4309c412b01189106cb4ac924a1c74f\"},\"breadcrumb\":{\"@id\":\"https:\/\/carpem.stage.spacerdesign.com\/evenement-colloque-shs-cancers-pediatriques-et-genomique-un-changement-majeur\/#breadcrumb\"},\"inLanguage\":\"en-US\",\"potentialAction\":[{\"@type\":\"ReadAction\",\"target\":[\"https:\/\/carpem.stage.spacerdesign.com\/evenement-colloque-shs-cancers-pediatriques-et-genomique-un-changement-majeur\/\"]}]},{\"@type\":\"ImageObject\",\"inLanguage\":\"en-US\",\"@id\":\"https:\/\/carpem.stage.spacerdesign.com\/evenement-colloque-shs-cancers-pediatriques-et-genomique-un-changement-majeur\/#primaryimage\",\"url\":\"https:\/\/carpem.stage.spacerdesign.com\/wp-content\/uploads\/2023\/09\/Sans-titre-2.jpg\",\"contentUrl\":\"https:\/\/carpem.stage.spacerdesign.com\/wp-content\/uploads\/2023\/09\/Sans-titre-2.jpg\",\"width\":1483,\"height\":820},{\"@type\":\"BreadcrumbList\",\"@id\":\"https:\/\/carpem.stage.spacerdesign.com\/evenement-colloque-shs-cancers-pediatriques-et-genomique-un-changement-majeur\/#breadcrumb\",\"itemListElement\":[{\"@type\":\"ListItem\",\"position\":1,\"name\":\"Portada\",\"item\":\"https:\/\/carpem.stage.spacerdesign.com\/en\/\"},{\"@type\":\"ListItem\",\"position\":2,\"name\":\"[\u00c9v\u00e8nement] Colloque SHS &#8211; Cancers p\u00e9diatriques et g\u00e9nomique, un changement majeur?\"}]},{\"@type\":\"WebSite\",\"@id\":\"https:\/\/carpem.stage.spacerdesign.com\/#website\",\"url\":\"https:\/\/carpem.stage.spacerdesign.com\/\",\"name\":\"Carpem\",\"description\":\"\",\"potentialAction\":[{\"@type\":\"SearchAction\",\"target\":{\"@type\":\"EntryPoint\",\"urlTemplate\":\"https:\/\/carpem.stage.spacerdesign.com\/?s={search_term_string}\"},\"query-input\":\"required name=search_term_string\"}],\"inLanguage\":\"en-US\"},{\"@type\":\"Person\",\"@id\":\"https:\/\/carpem.stage.spacerdesign.com\/#\/schema\/person\/f4309c412b01189106cb4ac924a1c74f\",\"name\":\"carpem\",\"image\":{\"@type\":\"ImageObject\",\"inLanguage\":\"en-US\",\"@id\":\"https:\/\/carpem.stage.spacerdesign.com\/#\/schema\/person\/image\/\",\"url\":\"https:\/\/secure.gravatar.com\/avatar\/372accdded441b480e97d0700ef8511ac251925ac6675b16fa3f84eaa47046bd?s=96&d=mm&r=g\",\"contentUrl\":\"https:\/\/secure.gravatar.com\/avatar\/372accdded441b480e97d0700ef8511ac251925ac6675b16fa3f84eaa47046bd?s=96&d=mm&r=g\",\"caption\":\"carpem\"},\"sameAs\":[\"https:\/\/carpem.stage.spacerdesign.com\"],\"url\":\"https:\/\/carpem.stage.spacerdesign.com\/en\/author\/sargroup\/\"}]}<\/script>\n<!-- \/ Yoast SEO plugin. -->","yoast_head_json":{"title":"[\u00c9v\u00e8nement] Colloque SHS - Cancers p\u00e9diatriques et g\u00e9nomique, un changement majeur? - Carpem","robots":{"index":"index","follow":"follow","max-snippet":"max-snippet:-1","max-image-preview":"max-image-preview:large","max-video-preview":"max-video-preview:-1"},"canonical":"https:\/\/carpem.stage.spacerdesign.com\/evenement-colloque-shs-cancers-pediatriques-et-genomique-un-changement-majeur\/","og_locale":"en_US","og_type":"article","og_title":"[\u00c9v\u00e8nement] Colloque SHS - Cancers p\u00e9diatriques et g\u00e9nomique, un changement majeur? - Carpem","og_description":"L\u2019objectif de ce colloque est de pr\u00e9senter des travaux de sciences...","og_url":"https:\/\/carpem.stage.spacerdesign.com\/evenement-colloque-shs-cancers-pediatriques-et-genomique-un-changement-majeur\/","og_site_name":"Carpem","article_published_time":"2022-06-23T06:45:41+00:00","article_modified_time":"2024-02-06T10:16:21+00:00","og_image":[{"width":1483,"height":820,"url":"https:\/\/carpem.stage.spacerdesign.com\/wp-content\/uploads\/2023\/09\/Sans-titre-2.jpg","type":"image\/jpeg"}],"author":"carpem","twitter_card":"summary_large_image","twitter_misc":{"Written by":"carpem"},"schema":{"@context":"https:\/\/schema.org","@graph":[{"@type":"WebPage","@id":"https:\/\/carpem.stage.spacerdesign.com\/evenement-colloque-shs-cancers-pediatriques-et-genomique-un-changement-majeur\/","url":"https:\/\/carpem.stage.spacerdesign.com\/evenement-colloque-shs-cancers-pediatriques-et-genomique-un-changement-majeur\/","name":"[\u00c9v\u00e8nement] Colloque SHS - Cancers p\u00e9diatriques et g\u00e9nomique, un changement majeur? - Carpem","isPartOf":{"@id":"https:\/\/carpem.stage.spacerdesign.com\/#website"},"primaryImageOfPage":{"@id":"https:\/\/carpem.stage.spacerdesign.com\/evenement-colloque-shs-cancers-pediatriques-et-genomique-un-changement-majeur\/#primaryimage"},"image":{"@id":"https:\/\/carpem.stage.spacerdesign.com\/evenement-colloque-shs-cancers-pediatriques-et-genomique-un-changement-majeur\/#primaryimage"},"thumbnailUrl":"https:\/\/carpem.stage.spacerdesign.com\/wp-content\/uploads\/2023\/09\/Sans-titre-2.jpg","datePublished":"2022-06-23T06:45:41+00:00","dateModified":"2024-02-06T10:16:21+00:00","author":{"@id":"https:\/\/carpem.stage.spacerdesign.com\/#\/schema\/person\/f4309c412b01189106cb4ac924a1c74f"},"breadcrumb":{"@id":"https:\/\/carpem.stage.spacerdesign.com\/evenement-colloque-shs-cancers-pediatriques-et-genomique-un-changement-majeur\/#breadcrumb"},"inLanguage":"en-US","potentialAction":[{"@type":"ReadAction","target":["https:\/\/carpem.stage.spacerdesign.com\/evenement-colloque-shs-cancers-pediatriques-et-genomique-un-changement-majeur\/"]}]},{"@type":"ImageObject","inLanguage":"en-US","@id":"https:\/\/carpem.stage.spacerdesign.com\/evenement-colloque-shs-cancers-pediatriques-et-genomique-un-changement-majeur\/#primaryimage","url":"https:\/\/carpem.stage.spacerdesign.com\/wp-content\/uploads\/2023\/09\/Sans-titre-2.jpg","contentUrl":"https:\/\/carpem.stage.spacerdesign.com\/wp-content\/uploads\/2023\/09\/Sans-titre-2.jpg","width":1483,"height":820},{"@type":"BreadcrumbList","@id":"https:\/\/carpem.stage.spacerdesign.com\/evenement-colloque-shs-cancers-pediatriques-et-genomique-un-changement-majeur\/#breadcrumb","itemListElement":[{"@type":"ListItem","position":1,"name":"Portada","item":"https:\/\/carpem.stage.spacerdesign.com\/en\/"},{"@type":"ListItem","position":2,"name":"[\u00c9v\u00e8nement] Colloque SHS &#8211; Cancers p\u00e9diatriques et g\u00e9nomique, un changement majeur?"}]},{"@type":"WebSite","@id":"https:\/\/carpem.stage.spacerdesign.com\/#website","url":"https:\/\/carpem.stage.spacerdesign.com\/","name":"Carpem","description":"","potentialAction":[{"@type":"SearchAction","target":{"@type":"EntryPoint","urlTemplate":"https:\/\/carpem.stage.spacerdesign.com\/?s={search_term_string}"},"query-input":"required name=search_term_string"}],"inLanguage":"en-US"},{"@type":"Person","@id":"https:\/\/carpem.stage.spacerdesign.com\/#\/schema\/person\/f4309c412b01189106cb4ac924a1c74f","name":"carpem","image":{"@type":"ImageObject","inLanguage":"en-US","@id":"https:\/\/carpem.stage.spacerdesign.com\/#\/schema\/person\/image\/","url":"https:\/\/secure.gravatar.com\/avatar\/372accdded441b480e97d0700ef8511ac251925ac6675b16fa3f84eaa47046bd?s=96&d=mm&r=g","contentUrl":"https:\/\/secure.gravatar.com\/avatar\/372accdded441b480e97d0700ef8511ac251925ac6675b16fa3f84eaa47046bd?s=96&d=mm&r=g","caption":"carpem"},"sameAs":["https:\/\/carpem.stage.spacerdesign.com"],"url":"https:\/\/carpem.stage.spacerdesign.com\/en\/author\/sargroup\/"}]}},"menu_order":0,"_links":{"self":[{"href":"https:\/\/carpem.stage.spacerdesign.com\/en\/wp-json\/wp\/v2\/posts\/31582","targetHints":{"allow":["GET"]}}],"collection":[{"href":"https:\/\/carpem.stage.spacerdesign.com\/en\/wp-json\/wp\/v2\/posts"}],"about":[{"href":"https:\/\/carpem.stage.spacerdesign.com\/en\/wp-json\/wp\/v2\/types\/post"}],"author":[{"embeddable":true,"href":"https:\/\/carpem.stage.spacerdesign.com\/en\/wp-json\/wp\/v2\/users\/1"}],"replies":[{"embeddable":true,"href":"https:\/\/carpem.stage.spacerdesign.com\/en\/wp-json\/wp\/v2\/comments?post=31582"}],"version-history":[{"count":1,"href":"https:\/\/carpem.stage.spacerdesign.com\/en\/wp-json\/wp\/v2\/posts\/31582\/revisions"}],"predecessor-version":[{"id":31583,"href":"https:\/\/carpem.stage.spacerdesign.com\/en\/wp-json\/wp\/v2\/posts\/31582\/revisions\/31583"}],"wp:featuredmedia":[{"embeddable":true,"href":"https:\/\/carpem.stage.spacerdesign.com\/en\/wp-json\/wp\/v2\/media\/28808"}],"wp:attachment":[{"href":"https:\/\/carpem.stage.spacerdesign.com\/en\/wp-json\/wp\/v2\/media?parent=31582"}],"wp:term":[{"taxonomy":"category","embeddable":true,"href":"https:\/\/carpem.stage.spacerdesign.com\/en\/wp-json\/wp\/v2\/categories?post=31582"},{"taxonomy":"post_tag","embeddable":true,"href":"https:\/\/carpem.stage.spacerdesign.com\/en\/wp-json\/wp\/v2\/tags?post=31582"}],"curies":[{"name":"wp","href":"https:\/\/api.w.org\/{rel}","templated":true}]}}