{"id":31585,"date":"2022-02-17T14:55:10","date_gmt":"2022-02-17T13:55:10","guid":{"rendered":"https:\/\/carpem.stage.spacerdesign.com\/seminaire-geocancer-utilisation-des-donnees-geographiques-pour-la-recherche-en-sante-publique-en-cancerologie-17-fevrier-2022\/"},"modified":"2022-02-17T14:55:10","modified_gmt":"2022-02-17T13:55:10","slug":"seminaire-geocancer-utilisation-des-donnees-geographiques-pour-la-recherche-en-sante-publique-en-cancerologie-17-fevrier-2022","status":"publish","type":"post","link":"https:\/\/carpem.stage.spacerdesign.com\/en\/seminaire-geocancer-utilisation-des-donnees-geographiques-pour-la-recherche-en-sante-publique-en-cancerologie-17-fevrier-2022\/","title":{"rendered":"S\u00e9minaire G\u00e9ocancer &#8211; Utilisation des donn\u00e9es g\u00e9ographiques pour la recherche en sant\u00e9 publique en canc\u00e9rologie &#8211; 17 F\u00e9vrier 2022"},"content":{"rendered":"<p><strong><img class=\"size-medium wp-image-13321 aligncenter\" src=\"https:\/\/carpem.stage.spacerdesign.com\/wp-content\/uploads\/2023\/10\/FGkEq-gXMAcR95o-300x168.jpg\" alt=\"\" width=\"300\" height=\"168\" \/><\/strong><\/p>\n<p><strong>Le Canc\u00e9rop\u00f4le \u00cele-de-France et son groupe de travail \u201cGeocancer\u201d proposent,\u00a0le 17 f\u00e9vrier 2022,\u00a0une journ\u00e9e de s\u00e9minaire sur la th\u00e9matique des donn\u00e9es g\u00e9ographiques de sant\u00e9 et leur utilisation pour la recherche en sant\u00e9 publique en canc\u00e9rologie.<\/strong><\/p>\n<p>Ouverte aux chercheurs, professionnels de sant\u00e9, patients et repr\u00e9sentants de patients, cette journ\u00e9e permettra de discuter de l\u2019utilisation d\u2019informations g\u00e9ographiques pour des recherches ou pour guider les prises de d\u00e9cisions en sant\u00e9 publique dans le domaine du cancer, ainsi que l\u2019utilisation de la g\u00e9o-intelligence artificielle pour des recherches sur les liens entre qualit\u00e9 de l\u2019air et cancer.<\/p>\n<p>Plus d&#8217;informations: <a href=\"https:\/\/www.canceropole-idf.fr\/manifestation\/geocancer2022\/\">https:\/\/www.canceropole-idf.fr\/manifestation\/geocancer2022\/<\/a><\/p>\n","protected":false},"excerpt":{"rendered":"<p>Le Canc\u00e9rop\u00f4le \u00cele-de-France et son groupe de travail \u201cGeocancer\u201d proposent,\u00a0le 17&#8230;<\/p>\n","protected":false},"author":1,"featured_media":28491,"comment_status":"closed","ping_status":"closed","sticky":false,"template":"","format":"standard","meta":{"footnotes":""},"categories":[410,315],"tags":[409],"class_list":{"0":"post-31585","1":"post","2":"type-post","3":"status-publish","4":"format-standard","5":"has-post-thumbnail","7":"category-actions-thematiques-en","8":"category-seminars-conferences","9":"tag-seminaire-en"},"yoast_head":"<!-- This site is optimized with the Yoast SEO plugin v22.7 - https:\/\/yoast.com\/wordpress\/plugins\/seo\/ -->\n<title>S\u00e9minaire G\u00e9ocancer - Utilisation des donn\u00e9es g\u00e9ographiques pour la recherche en sant\u00e9 publique en canc\u00e9rologie - 17 F\u00e9vrier 2022 - Carpem<\/title>\n<meta name=\"robots\" content=\"index, follow, max-snippet:-1, max-image-preview:large, max-video-preview:-1\" \/>\n<link rel=\"canonical\" href=\"https:\/\/carpem.stage.spacerdesign.com\/seminaire-geocancer-utilisation-des-donnees-geographiques-pour-la-recherche-en-sante-publique-en-cancerologie-17-fevrier-2022\/\" \/>\n<meta property=\"og:locale\" content=\"en_US\" \/>\n<meta property=\"og:type\" content=\"article\" \/>\n<meta property=\"og:title\" content=\"S\u00e9minaire G\u00e9ocancer - Utilisation des donn\u00e9es g\u00e9ographiques pour la recherche en sant\u00e9 publique en canc\u00e9rologie - 17 F\u00e9vrier 2022 - Carpem\" \/>\n<meta property=\"og:description\" content=\"Le Canc\u00e9rop\u00f4le \u00cele-de-France et son groupe de travail \u201cGeocancer\u201d proposent,\u00a0le 17...\" \/>\n<meta property=\"og:url\" content=\"https:\/\/carpem.stage.spacerdesign.com\/seminaire-geocancer-utilisation-des-donnees-geographiques-pour-la-recherche-en-sante-publique-en-cancerologie-17-fevrier-2022\/\" \/>\n<meta property=\"og:site_name\" content=\"Carpem\" \/>\n<meta property=\"article:published_time\" content=\"2022-02-17T13:55:10+00:00\" \/>\n<meta property=\"og:image\" content=\"https:\/\/carpem.stage.spacerdesign.com\/wp-content\/uploads\/2023\/09\/FGkEq-gXMAcR95o.jpeg\" \/>\n\t<meta property=\"og:image:width\" content=\"1200\" \/>\n\t<meta property=\"og:image:height\" content=\"670\" \/>\n\t<meta property=\"og:image:type\" content=\"image\/jpeg\" \/>\n<meta name=\"author\" content=\"carpem\" \/>\n<meta name=\"twitter:card\" content=\"summary_large_image\" \/>\n<meta name=\"twitter:label1\" content=\"Written by\" \/>\n\t<meta name=\"twitter:data1\" content=\"carpem\" \/>\n\t<meta name=\"twitter:label2\" content=\"Est. reading time\" \/>\n\t<meta name=\"twitter:data2\" content=\"1 minute\" \/>\n<script type=\"application\/ld+json\" class=\"yoast-schema-graph\">{\"@context\":\"https:\/\/schema.org\",\"@graph\":[{\"@type\":\"WebPage\",\"@id\":\"https:\/\/carpem.stage.spacerdesign.com\/seminaire-geocancer-utilisation-des-donnees-geographiques-pour-la-recherche-en-sante-publique-en-cancerologie-17-fevrier-2022\/\",\"url\":\"https:\/\/carpem.stage.spacerdesign.com\/seminaire-geocancer-utilisation-des-donnees-geographiques-pour-la-recherche-en-sante-publique-en-cancerologie-17-fevrier-2022\/\",\"name\":\"S\u00e9minaire G\u00e9ocancer - Utilisation des donn\u00e9es g\u00e9ographiques pour la recherche en sant\u00e9 publique en canc\u00e9rologie - 17 F\u00e9vrier 2022 - Carpem\",\"isPartOf\":{\"@id\":\"https:\/\/carpem.stage.spacerdesign.com\/#website\"},\"primaryImageOfPage\":{\"@id\":\"https:\/\/carpem.stage.spacerdesign.com\/seminaire-geocancer-utilisation-des-donnees-geographiques-pour-la-recherche-en-sante-publique-en-cancerologie-17-fevrier-2022\/#primaryimage\"},\"image\":{\"@id\":\"https:\/\/carpem.stage.spacerdesign.com\/seminaire-geocancer-utilisation-des-donnees-geographiques-pour-la-recherche-en-sante-publique-en-cancerologie-17-fevrier-2022\/#primaryimage\"},\"thumbnailUrl\":\"https:\/\/carpem.stage.spacerdesign.com\/wp-content\/uploads\/2023\/09\/FGkEq-gXMAcR95o.jpeg\",\"datePublished\":\"2022-02-17T13:55:10+00:00\",\"dateModified\":\"2022-02-17T13:55:10+00:00\",\"author\":{\"@id\":\"https:\/\/carpem.stage.spacerdesign.com\/#\/schema\/person\/f4309c412b01189106cb4ac924a1c74f\"},\"breadcrumb\":{\"@id\":\"https:\/\/carpem.stage.spacerdesign.com\/seminaire-geocancer-utilisation-des-donnees-geographiques-pour-la-recherche-en-sante-publique-en-cancerologie-17-fevrier-2022\/#breadcrumb\"},\"inLanguage\":\"en-US\",\"potentialAction\":[{\"@type\":\"ReadAction\",\"target\":[\"https:\/\/carpem.stage.spacerdesign.com\/seminaire-geocancer-utilisation-des-donnees-geographiques-pour-la-recherche-en-sante-publique-en-cancerologie-17-fevrier-2022\/\"]}]},{\"@type\":\"ImageObject\",\"inLanguage\":\"en-US\",\"@id\":\"https:\/\/carpem.stage.spacerdesign.com\/seminaire-geocancer-utilisation-des-donnees-geographiques-pour-la-recherche-en-sante-publique-en-cancerologie-17-fevrier-2022\/#primaryimage\",\"url\":\"https:\/\/carpem.stage.spacerdesign.com\/wp-content\/uploads\/2023\/09\/FGkEq-gXMAcR95o.jpeg\",\"contentUrl\":\"https:\/\/carpem.stage.spacerdesign.com\/wp-content\/uploads\/2023\/09\/FGkEq-gXMAcR95o.jpeg\",\"width\":1200,\"height\":670},{\"@type\":\"BreadcrumbList\",\"@id\":\"https:\/\/carpem.stage.spacerdesign.com\/seminaire-geocancer-utilisation-des-donnees-geographiques-pour-la-recherche-en-sante-publique-en-cancerologie-17-fevrier-2022\/#breadcrumb\",\"itemListElement\":[{\"@type\":\"ListItem\",\"position\":1,\"name\":\"Portada\",\"item\":\"https:\/\/carpem.stage.spacerdesign.com\/en\/\"},{\"@type\":\"ListItem\",\"position\":2,\"name\":\"S\u00e9minaire G\u00e9ocancer &#8211; Utilisation des donn\u00e9es g\u00e9ographiques pour la recherche en sant\u00e9 publique en canc\u00e9rologie &#8211; 17 F\u00e9vrier 2022\"}]},{\"@type\":\"WebSite\",\"@id\":\"https:\/\/carpem.stage.spacerdesign.com\/#website\",\"url\":\"https:\/\/carpem.stage.spacerdesign.com\/\",\"name\":\"Carpem\",\"description\":\"\",\"potentialAction\":[{\"@type\":\"SearchAction\",\"target\":{\"@type\":\"EntryPoint\",\"urlTemplate\":\"https:\/\/carpem.stage.spacerdesign.com\/?s={search_term_string}\"},\"query-input\":\"required name=search_term_string\"}],\"inLanguage\":\"en-US\"},{\"@type\":\"Person\",\"@id\":\"https:\/\/carpem.stage.spacerdesign.com\/#\/schema\/person\/f4309c412b01189106cb4ac924a1c74f\",\"name\":\"carpem\",\"image\":{\"@type\":\"ImageObject\",\"inLanguage\":\"en-US\",\"@id\":\"https:\/\/carpem.stage.spacerdesign.com\/#\/schema\/person\/image\/\",\"url\":\"https:\/\/secure.gravatar.com\/avatar\/372accdded441b480e97d0700ef8511ac251925ac6675b16fa3f84eaa47046bd?s=96&d=mm&r=g\",\"contentUrl\":\"https:\/\/secure.gravatar.com\/avatar\/372accdded441b480e97d0700ef8511ac251925ac6675b16fa3f84eaa47046bd?s=96&d=mm&r=g\",\"caption\":\"carpem\"},\"sameAs\":[\"https:\/\/carpem.stage.spacerdesign.com\"],\"url\":\"https:\/\/carpem.stage.spacerdesign.com\/en\/author\/sargroup\/\"}]}<\/script>\n<!-- \/ Yoast SEO plugin. -->","yoast_head_json":{"title":"S\u00e9minaire G\u00e9ocancer - Utilisation des donn\u00e9es g\u00e9ographiques pour la recherche en sant\u00e9 publique en canc\u00e9rologie - 17 F\u00e9vrier 2022 - Carpem","robots":{"index":"index","follow":"follow","max-snippet":"max-snippet:-1","max-image-preview":"max-image-preview:large","max-video-preview":"max-video-preview:-1"},"canonical":"https:\/\/carpem.stage.spacerdesign.com\/seminaire-geocancer-utilisation-des-donnees-geographiques-pour-la-recherche-en-sante-publique-en-cancerologie-17-fevrier-2022\/","og_locale":"en_US","og_type":"article","og_title":"S\u00e9minaire G\u00e9ocancer - Utilisation des donn\u00e9es g\u00e9ographiques pour la recherche en sant\u00e9 publique en canc\u00e9rologie - 17 F\u00e9vrier 2022 - Carpem","og_description":"Le Canc\u00e9rop\u00f4le \u00cele-de-France et son groupe de travail \u201cGeocancer\u201d proposent,\u00a0le 17...","og_url":"https:\/\/carpem.stage.spacerdesign.com\/seminaire-geocancer-utilisation-des-donnees-geographiques-pour-la-recherche-en-sante-publique-en-cancerologie-17-fevrier-2022\/","og_site_name":"Carpem","article_published_time":"2022-02-17T13:55:10+00:00","og_image":[{"width":1200,"height":670,"url":"https:\/\/carpem.stage.spacerdesign.com\/wp-content\/uploads\/2023\/09\/FGkEq-gXMAcR95o.jpeg","type":"image\/jpeg"}],"author":"carpem","twitter_card":"summary_large_image","twitter_misc":{"Written by":"carpem","Est. reading time":"1 minute"},"schema":{"@context":"https:\/\/schema.org","@graph":[{"@type":"WebPage","@id":"https:\/\/carpem.stage.spacerdesign.com\/seminaire-geocancer-utilisation-des-donnees-geographiques-pour-la-recherche-en-sante-publique-en-cancerologie-17-fevrier-2022\/","url":"https:\/\/carpem.stage.spacerdesign.com\/seminaire-geocancer-utilisation-des-donnees-geographiques-pour-la-recherche-en-sante-publique-en-cancerologie-17-fevrier-2022\/","name":"S\u00e9minaire G\u00e9ocancer - Utilisation des donn\u00e9es g\u00e9ographiques pour la recherche en sant\u00e9 publique en canc\u00e9rologie - 17 F\u00e9vrier 2022 - Carpem","isPartOf":{"@id":"https:\/\/carpem.stage.spacerdesign.com\/#website"},"primaryImageOfPage":{"@id":"https:\/\/carpem.stage.spacerdesign.com\/seminaire-geocancer-utilisation-des-donnees-geographiques-pour-la-recherche-en-sante-publique-en-cancerologie-17-fevrier-2022\/#primaryimage"},"image":{"@id":"https:\/\/carpem.stage.spacerdesign.com\/seminaire-geocancer-utilisation-des-donnees-geographiques-pour-la-recherche-en-sante-publique-en-cancerologie-17-fevrier-2022\/#primaryimage"},"thumbnailUrl":"https:\/\/carpem.stage.spacerdesign.com\/wp-content\/uploads\/2023\/09\/FGkEq-gXMAcR95o.jpeg","datePublished":"2022-02-17T13:55:10+00:00","dateModified":"2022-02-17T13:55:10+00:00","author":{"@id":"https:\/\/carpem.stage.spacerdesign.com\/#\/schema\/person\/f4309c412b01189106cb4ac924a1c74f"},"breadcrumb":{"@id":"https:\/\/carpem.stage.spacerdesign.com\/seminaire-geocancer-utilisation-des-donnees-geographiques-pour-la-recherche-en-sante-publique-en-cancerologie-17-fevrier-2022\/#breadcrumb"},"inLanguage":"en-US","potentialAction":[{"@type":"ReadAction","target":["https:\/\/carpem.stage.spacerdesign.com\/seminaire-geocancer-utilisation-des-donnees-geographiques-pour-la-recherche-en-sante-publique-en-cancerologie-17-fevrier-2022\/"]}]},{"@type":"ImageObject","inLanguage":"en-US","@id":"https:\/\/carpem.stage.spacerdesign.com\/seminaire-geocancer-utilisation-des-donnees-geographiques-pour-la-recherche-en-sante-publique-en-cancerologie-17-fevrier-2022\/#primaryimage","url":"https:\/\/carpem.stage.spacerdesign.com\/wp-content\/uploads\/2023\/09\/FGkEq-gXMAcR95o.jpeg","contentUrl":"https:\/\/carpem.stage.spacerdesign.com\/wp-content\/uploads\/2023\/09\/FGkEq-gXMAcR95o.jpeg","width":1200,"height":670},{"@type":"BreadcrumbList","@id":"https:\/\/carpem.stage.spacerdesign.com\/seminaire-geocancer-utilisation-des-donnees-geographiques-pour-la-recherche-en-sante-publique-en-cancerologie-17-fevrier-2022\/#breadcrumb","itemListElement":[{"@type":"ListItem","position":1,"name":"Portada","item":"https:\/\/carpem.stage.spacerdesign.com\/en\/"},{"@type":"ListItem","position":2,"name":"S\u00e9minaire G\u00e9ocancer &#8211; Utilisation des donn\u00e9es g\u00e9ographiques pour la recherche en sant\u00e9 publique en canc\u00e9rologie &#8211; 17 F\u00e9vrier 2022"}]},{"@type":"WebSite","@id":"https:\/\/carpem.stage.spacerdesign.com\/#website","url":"https:\/\/carpem.stage.spacerdesign.com\/","name":"Carpem","description":"","potentialAction":[{"@type":"SearchAction","target":{"@type":"EntryPoint","urlTemplate":"https:\/\/carpem.stage.spacerdesign.com\/?s={search_term_string}"},"query-input":"required name=search_term_string"}],"inLanguage":"en-US"},{"@type":"Person","@id":"https:\/\/carpem.stage.spacerdesign.com\/#\/schema\/person\/f4309c412b01189106cb4ac924a1c74f","name":"carpem","image":{"@type":"ImageObject","inLanguage":"en-US","@id":"https:\/\/carpem.stage.spacerdesign.com\/#\/schema\/person\/image\/","url":"https:\/\/secure.gravatar.com\/avatar\/372accdded441b480e97d0700ef8511ac251925ac6675b16fa3f84eaa47046bd?s=96&d=mm&r=g","contentUrl":"https:\/\/secure.gravatar.com\/avatar\/372accdded441b480e97d0700ef8511ac251925ac6675b16fa3f84eaa47046bd?s=96&d=mm&r=g","caption":"carpem"},"sameAs":["https:\/\/carpem.stage.spacerdesign.com"],"url":"https:\/\/carpem.stage.spacerdesign.com\/en\/author\/sargroup\/"}]}},"menu_order":0,"_links":{"self":[{"href":"https:\/\/carpem.stage.spacerdesign.com\/en\/wp-json\/wp\/v2\/posts\/31585","targetHints":{"allow":["GET"]}}],"collection":[{"href":"https:\/\/carpem.stage.spacerdesign.com\/en\/wp-json\/wp\/v2\/posts"}],"about":[{"href":"https:\/\/carpem.stage.spacerdesign.com\/en\/wp-json\/wp\/v2\/types\/post"}],"author":[{"embeddable":true,"href":"https:\/\/carpem.stage.spacerdesign.com\/en\/wp-json\/wp\/v2\/users\/1"}],"replies":[{"embeddable":true,"href":"https:\/\/carpem.stage.spacerdesign.com\/en\/wp-json\/wp\/v2\/comments?post=31585"}],"version-history":[{"count":0,"href":"https:\/\/carpem.stage.spacerdesign.com\/en\/wp-json\/wp\/v2\/posts\/31585\/revisions"}],"wp:featuredmedia":[{"embeddable":true,"href":"https:\/\/carpem.stage.spacerdesign.com\/en\/wp-json\/wp\/v2\/media\/28491"}],"wp:attachment":[{"href":"https:\/\/carpem.stage.spacerdesign.com\/en\/wp-json\/wp\/v2\/media?parent=31585"}],"wp:term":[{"taxonomy":"category","embeddable":true,"href":"https:\/\/carpem.stage.spacerdesign.com\/en\/wp-json\/wp\/v2\/categories?post=31585"},{"taxonomy":"post_tag","embeddable":true,"href":"https:\/\/carpem.stage.spacerdesign.com\/en\/wp-json\/wp\/v2\/tags?post=31585"}],"curies":[{"name":"wp","href":"https:\/\/api.w.org\/{rel}","templated":true}]}}